{"id":17866,"date":"2025-04-09T10:58:39","date_gmt":"2025-04-09T13:58:39","guid":{"rendered":"https:\/\/wp.ufpel.edu.br\/clc\/?p=17866"},"modified":"2025-04-09T10:58:39","modified_gmt":"2025-04-09T13:58:39","slug":"calendario-academico-2025-1-centro-de-letras-e-comunicacao-principais-datas-para-2025-1","status":"publish","type":"post","link":"https:\/\/wp.ufpel.edu.br\/clc\/2025\/04\/09\/calendario-academico-2025-1-centro-de-letras-e-comunicacao-principais-datas-para-2025-1\/","title":{"rendered":"Calend\u00e1rio Acad\u00eamico 2025\/1 \u2013 Centro de Letras e Comunica\u00e7\u00e3o principais datas para 2025\/1"},"content":{"rendered":"<p><!--StartFragment --><\/p>\n<p style=\"text-align: justify;\">O Centro de Letras e Comunica\u00e7\u00e3o tem o prazer de divulgar o calend\u00e1rio acad\u00eamico do primeiro semestre de 2025. Fique atento \u00e0s datas e planeje-se para um semestre repleto de aprendizado e novas oportunidades! Para mais informa\u00e7\u00f5es, acesse o nosso site oficial.<\/p>\n<p><!--EndFragment --><\/p>\n<p style=\"text-align: justify;\"><strong>09\/04 \u2013 10\/04<\/strong>: Solicita\u00e7\u00e3o de matr\u00edcula on-line (mais informa\u00e7\u00f5es em https:\/\/wp.ufpel.edu.br\/cra\/matricula\/, item \u201cRematr\u00edcula\u201d; Cobalto menus Aluno &gt; Cadastros &gt; Solicita\u00e7\u00e3o de Matr\u00edcula);<\/p>\n<p style=\"text-align: justify;\"><strong>12\/04<\/strong>: In\u00edcio do per\u00edodo para os alunos consultarem o processo de matr\u00edcula on-line (Cobalto menus Aluno &gt; Consultas &gt; Matr\u00edcula);<\/p>\n<p style=\"text-align: justify;\"><strong>12\/04 \u2013 14\/04<\/strong>: Solicita\u00e7\u00e3o de corre\u00e7\u00e3o de matr\u00edcula no Cobalto (Cobalto menus Aluno &gt; Cadastros &gt; Corre\u00e7\u00e3o de Matr\u00edcula);<\/p>\n<p style=\"text-align: justify;\"><strong>22\/04<\/strong>: In\u00edcio do semestre letivo 2025\/1;<\/p>\n<p style=\"text-align: justify;\"><strong>23\/04<\/strong>: Consultar o resultado do processo de corre\u00e7\u00e3o de matr\u00edcula (Cobalto menus Aluno &gt; Consultas &gt; Corre\u00e7\u00e3o de Matr\u00edcula);<\/p>\n<p style=\"text-align: justify;\"><strong>23\/04:<\/strong> Solicita\u00e7\u00e3o de Matr\u00edcula Especial (mais informa\u00e7\u00f5es em https:\/\/wp.ufpel.edu.br\/cra\/matricula\/, item \u201cMatr\u00edcula Especial\u201d; Cobalto menus Aluno &gt;\u00a0 Cadastros &gt; Solicita\u00e7\u00e3o de Matr\u00edcula Especial);<\/p>\n<p style=\"text-align: justify;\"><strong>28\/04<\/strong>: Consultar o resultado do processo de Matr\u00edcula Especial (Cobalto menus Aluno &gt; Consultas &gt; Matr\u00edcula Especial);<\/p>\n<p style=\"text-align: justify;\"><strong>16\/05:<\/strong> \u00daltimo dia para solicitar de trancamento geral de matr\u00edcula para os alunos que n\u00e3o solicitaram matr\u00edcula em 2025\/1.<\/p>\n<p style=\"text-align: justify;\">O Calend\u00e1rio Acad\u00eamico de 2025\/1 completo est\u00e1 dispon\u00edvel no site: https:\/\/wp.ufpel.edu.br\/cra\/calendarios-academicos\/calendario-academico-2025\/<\/p>\n<p>&nbsp;<\/p>\n<div id='gallery-1' class='gallery galleryid-17866 gallery-columns-4 gallery-size-full'><dl class='gallery-item'>\n\t\t\t<dt class='gallery-icon portrait'>\n\t\t\t\t<a href='https:\/\/wp.ufpel.edu.br\/clc\/files\/2025\/04\/abril-3.png'><img loading=\"lazy\" decoding=\"async\" width=\"1080\" height=\"1350\" src=\"https:\/\/wp.ufpel.edu.br\/clc\/files\/2025\/04\/abril-3.png\" class=\"attachment-full size-full\" alt=\"\" srcset=\"https:\/\/wp.ufpel.edu.br\/clc\/files\/2025\/04\/abril-3.png 1080w, https:\/\/wp.ufpel.edu.br\/clc\/files\/2025\/04\/abril-3-254x318.png 254w, https:\/\/wp.ufpel.edu.br\/clc\/files\/2025\/04\/abril-3-127x159.png 127w, https:\/\/wp.ufpel.edu.br\/clc\/files\/2025\/04\/abril-3-768x960.png 768w\" sizes=\"auto, (max-width: 1080px) 100vw, 1080px\" \/><\/a>\n\t\t\t<\/dt><\/dl><dl class='gallery-item'>\n\t\t\t<dt class='gallery-icon portrait'>\n\t\t\t\t<a href='https:\/\/wp.ufpel.edu.br\/clc\/files\/2025\/04\/Frame-125.png'><img loading=\"lazy\" decoding=\"async\" width=\"1080\" height=\"1320\" src=\"https:\/\/wp.ufpel.edu.br\/clc\/files\/2025\/04\/Frame-125.png\" class=\"attachment-full size-full\" alt=\"\" srcset=\"https:\/\/wp.ufpel.edu.br\/clc\/files\/2025\/04\/Frame-125.png 1080w, https:\/\/wp.ufpel.edu.br\/clc\/files\/2025\/04\/Frame-125-260x318.png 260w, https:\/\/wp.ufpel.edu.br\/clc\/files\/2025\/04\/Frame-125-130x159.png 130w, https:\/\/wp.ufpel.edu.br\/clc\/files\/2025\/04\/Frame-125-768x939.png 768w\" sizes=\"auto, (max-width: 1080px) 100vw, 1080px\" \/><\/a>\n\t\t\t<\/dt><\/dl><dl class='gallery-item'>\n\t\t\t<dt class='gallery-icon portrait'>\n\t\t\t\t<a href='https:\/\/wp.ufpel.edu.br\/clc\/files\/2025\/04\/Frame-126.png'><img loading=\"lazy\" decoding=\"async\" width=\"1080\" height=\"1320\" src=\"https:\/\/wp.ufpel.edu.br\/clc\/files\/2025\/04\/Frame-126.png\" class=\"attachment-full size-full\" alt=\"\" srcset=\"https:\/\/wp.ufpel.edu.br\/clc\/files\/2025\/04\/Frame-126.png 1080w, https:\/\/wp.ufpel.edu.br\/clc\/files\/2025\/04\/Frame-126-260x318.png 260w, https:\/\/wp.ufpel.edu.br\/clc\/files\/2025\/04\/Frame-126-130x159.png 130w, https:\/\/wp.ufpel.edu.br\/clc\/files\/2025\/04\/Frame-126-768x939.png 768w\" sizes=\"auto, (max-width: 1080px) 100vw, 1080px\" \/><\/a>\n\t\t\t<\/dt><\/dl><dl class='gallery-item'>\n\t\t\t<dt class='gallery-icon portrait'>\n\t\t\t\t<a href='https:\/\/wp.ufpel.edu.br\/clc\/files\/2025\/04\/Frame-127.png'><img loading=\"lazy\" decoding=\"async\" width=\"1080\" height=\"1320\" src=\"https:\/\/wp.ufpel.edu.br\/clc\/files\/2025\/04\/Frame-127.png\" class=\"attachment-full size-full\" alt=\"\" srcset=\"https:\/\/wp.ufpel.edu.br\/clc\/files\/2025\/04\/Frame-127.png 1080w, https:\/\/wp.ufpel.edu.br\/clc\/files\/2025\/04\/Frame-127-260x318.png 260w, https:\/\/wp.ufpel.edu.br\/clc\/files\/2025\/04\/Frame-127-130x159.png 130w, https:\/\/wp.ufpel.edu.br\/clc\/files\/2025\/04\/Frame-127-768x939.png 768w\" sizes=\"auto, (max-width: 1080px) 100vw, 1080px\" \/><\/a>\n\t\t\t<\/dt><\/dl><br style=\"clear: both\" \/>\n\t\t<\/div>\n\n<p>&nbsp;<\/p>\n","protected":false},"excerpt":{"rendered":"<p>O Centro de Letras e Comunica\u00e7\u00e3o tem o prazer de divulgar o calend\u00e1rio acad\u00eamico do primeiro semestre de 2025. Fique atento \u00e0s datas e planeje-se para um semestre repleto de aprendizado e novas oportunidades! Para mais informa\u00e7\u00f5es, acesse o nosso &hellip; <a href=\"https:\/\/wp.ufpel.edu.br\/clc\/2025\/04\/09\/calendario-academico-2025-1-centro-de-letras-e-comunicacao-principais-datas-para-2025-1\/\">Continue lendo <span class=\"meta-nav\">&rarr;<\/span><\/a><\/p>\n","protected":false},"author":50,"featured_media":0,"comment_status":"closed","ping_status":"closed","sticky":false,"template":"","format":"standard","meta":{"footnotes":""},"categories":[1],"tags":[],"class_list":["post-17866","post","type-post","status-publish","format-standard","hentry","category-notcias"],"jetpack_featured_media_url":"","_links":{"self":[{"href":"https:\/\/wp.ufpel.edu.br\/clc\/wp-json\/wp\/v2\/posts\/17866","targetHints":{"allow":["GET"]}}],"collection":[{"href":"https:\/\/wp.ufpel.edu.br\/clc\/wp-json\/wp\/v2\/posts"}],"about":[{"href":"https:\/\/wp.ufpel.edu.br\/clc\/wp-json\/wp\/v2\/types\/post"}],"author":[{"embeddable":true,"href":"https:\/\/wp.ufpel.edu.br\/clc\/wp-json\/wp\/v2\/users\/50"}],"replies":[{"embeddable":true,"href":"https:\/\/wp.ufpel.edu.br\/clc\/wp-json\/wp\/v2\/comments?post=17866"}],"version-history":[{"count":1,"href":"https:\/\/wp.ufpel.edu.br\/clc\/wp-json\/wp\/v2\/posts\/17866\/revisions"}],"predecessor-version":[{"id":17872,"href":"https:\/\/wp.ufpel.edu.br\/clc\/wp-json\/wp\/v2\/posts\/17866\/revisions\/17872"}],"wp:attachment":[{"href":"https:\/\/wp.ufpel.edu.br\/clc\/wp-json\/wp\/v2\/media?parent=17866"}],"wp:term":[{"taxonomy":"category","embeddable":true,"href":"https:\/\/wp.ufpel.edu.br\/clc\/wp-json\/wp\/v2\/categories?post=17866"},{"taxonomy":"post_tag","embeddable":true,"href":"https:\/\/wp.ufpel.edu.br\/clc\/wp-json\/wp\/v2\/tags?post=17866"}],"curies":[{"name":"wp","href":"https:\/\/api.w.org\/{rel}","templated":true}]}}