{"id":17384,"date":"2024-11-06T14:30:49","date_gmt":"2024-11-06T17:30:49","guid":{"rendered":"https:\/\/wp.ufpel.edu.br\/clc\/?p=17384"},"modified":"2024-11-06T14:30:49","modified_gmt":"2024-11-06T17:30:49","slug":"inscricoes-abertas-para-o-curso-de-portugues-para-estrangeiros-4","status":"publish","type":"post","link":"https:\/\/wp.ufpel.edu.br\/clc\/2024\/11\/06\/inscricoes-abertas-para-o-curso-de-portugues-para-estrangeiros-4\/","title":{"rendered":"Inscri\u00e7\u00f5es abertas para o curso de Portugu\u00eas para Estrangeiros"},"content":{"rendered":"<p><a href=\"https:\/\/wp.ufpel.edu.br\/clc\/files\/2024\/11\/inscricao-2024.png\"><img loading=\"lazy\" decoding=\"async\" class=\"aligncenter wp-image-17386\" src=\"https:\/\/wp.ufpel.edu.br\/clc\/files\/2024\/11\/inscricao-2024-318x318.png\" alt=\"\" width=\"403\" height=\"403\" srcset=\"https:\/\/wp.ufpel.edu.br\/clc\/files\/2024\/11\/inscricao-2024-318x318.png 318w, https:\/\/wp.ufpel.edu.br\/clc\/files\/2024\/11\/inscricao-2024-159x159.png 159w, https:\/\/wp.ufpel.edu.br\/clc\/files\/2024\/11\/inscricao-2024-768x768.png 768w, https:\/\/wp.ufpel.edu.br\/clc\/files\/2024\/11\/inscricao-2024.png 1080w\" sizes=\"auto, (max-width: 403px) 100vw, 403px\" \/><\/a><\/p>\n<p style=\"text-align: justify;\">O Programa Portugu\u00eas para Estrangeiros (PPE) da Universidade Federal de Pelotas (UFPel) torna p\u00fablico que est\u00e3o abertas, at\u00e9 o dia 17 de novembro, as inscri\u00e7\u00f5es para o curso &#8220;Pr\u00e1ticas em LP: compreens\u00e3o e express\u00e3o&#8221;.<\/p>\n<p>Dia e hor\u00e1rio: \u00e0s segundas-feiras, das 18h30min \u00e0s 20h30min.<br \/>\nLocal: Sala 108, campus Anglo (R. Gomes Carneiro, 01).<br \/>\nIn\u00edcio: 18\/11\/2024<br \/>\nT\u00e9rmino: 16\/12\/2024<\/p>\n<p>Inscri\u00e7\u00f5es:\u00a0<a href=\"https:\/\/forms.gle\/veknG7TMSBvJGMWu6\" target=\"_blank\" rel=\"noopener\" data-saferedirecturl=\"https:\/\/www.google.com\/url?q=https:\/\/forms.gle\/veknG7TMSBvJGMWu6&amp;source=gmail&amp;ust=1731000185215000&amp;usg=AOvVaw3tqaH99FtATpNur7tfqo6t\">https:\/\/forms.gle\/<wbr \/>veknG7TMSBvJGMWu6<\/a><\/p>\n<p>Qualquer d\u00favida entre em contato com a equipe pelo e-mail\u00a0<a href=\"mailto:ppe.clc.ufpel@gmail.com\" target=\"_blank\" rel=\"noopener\">ppe.clc.ufpel@gmail.com<\/a>\u00a0ou atrav\u00e9s das redes sociais &#8211; Facebook e Instagram\u00a0<a role=\"link\" href=\"https:\/\/www.instagram.com\/ppe.ufpel\/\" target=\"_blank\" rel=\"noopener\" data-saferedirecturl=\"https:\/\/www.google.com\/url?q=https:\/\/www.instagram.com\/ppe.ufpel\/&amp;source=gmail&amp;ust=1731000185215000&amp;usg=AOvVaw2dIVXzR4SaGcPC9zSccrxp\">@ppe.ufpel<\/a><\/p>\n","protected":false},"excerpt":{"rendered":"<p>O Programa Portugu\u00eas para Estrangeiros (PPE) da Universidade Federal de Pelotas (UFPel) torna p\u00fablico que est\u00e3o abertas, at\u00e9 o dia 17 de novembro, as inscri\u00e7\u00f5es para o curso &#8220;Pr\u00e1ticas em LP: compreens\u00e3o e express\u00e3o&#8221;. Dia e hor\u00e1rio: \u00e0s segundas-feiras, das &hellip; <a href=\"https:\/\/wp.ufpel.edu.br\/clc\/2024\/11\/06\/inscricoes-abertas-para-o-curso-de-portugues-para-estrangeiros-4\/\">Continue lendo <span class=\"meta-nav\">&rarr;<\/span><\/a><\/p>\n","protected":false},"author":50,"featured_media":0,"comment_status":"closed","ping_status":"closed","sticky":false,"template":"","format":"standard","meta":{"footnotes":""},"categories":[33391,33385,33401],"tags":[],"class_list":["post-17384","post","type-post","status-publish","format-standard","hentry","category-alunos","category-editais-e-resultados","category-portugues-para-estrangeiros"],"jetpack_featured_media_url":"","_links":{"self":[{"href":"https:\/\/wp.ufpel.edu.br\/clc\/wp-json\/wp\/v2\/posts\/17384","targetHints":{"allow":["GET"]}}],"collection":[{"href":"https:\/\/wp.ufpel.edu.br\/clc\/wp-json\/wp\/v2\/posts"}],"about":[{"href":"https:\/\/wp.ufpel.edu.br\/clc\/wp-json\/wp\/v2\/types\/post"}],"author":[{"embeddable":true,"href":"https:\/\/wp.ufpel.edu.br\/clc\/wp-json\/wp\/v2\/users\/50"}],"replies":[{"embeddable":true,"href":"https:\/\/wp.ufpel.edu.br\/clc\/wp-json\/wp\/v2\/comments?post=17384"}],"version-history":[{"count":1,"href":"https:\/\/wp.ufpel.edu.br\/clc\/wp-json\/wp\/v2\/posts\/17384\/revisions"}],"predecessor-version":[{"id":17387,"href":"https:\/\/wp.ufpel.edu.br\/clc\/wp-json\/wp\/v2\/posts\/17384\/revisions\/17387"}],"wp:attachment":[{"href":"https:\/\/wp.ufpel.edu.br\/clc\/wp-json\/wp\/v2\/media?parent=17384"}],"wp:term":[{"taxonomy":"category","embeddable":true,"href":"https:\/\/wp.ufpel.edu.br\/clc\/wp-json\/wp\/v2\/categories?post=17384"},{"taxonomy":"post_tag","embeddable":true,"href":"https:\/\/wp.ufpel.edu.br\/clc\/wp-json\/wp\/v2\/tags?post=17384"}],"curies":[{"name":"wp","href":"https:\/\/api.w.org\/{rel}","templated":true}]}}