{"id":1734,"date":"2013-08-27T16:44:52","date_gmt":"2013-08-27T19:44:52","guid":{"rendered":"https:\/\/wp.ufpel.edu.br\/clc\/?p=1734"},"modified":"2017-06-02T18:51:32","modified_gmt":"2017-06-02T21:51:32","slug":"jornalismo-divulga-estudantes-contemplados-com-auxilio-para-eventos","status":"publish","type":"post","link":"https:\/\/wp.ufpel.edu.br\/clc\/2013\/08\/27\/jornalismo-divulga-estudantes-contemplados-com-auxilio-para-eventos\/","title":{"rendered":"Jornalismo divulga estudantes contemplados com aux\u00edlio para eventos"},"content":{"rendered":"<p>O Colegiado do Curso de Jornalismo divulgou os nomes dos estudantes contemplados com recursos da UGR do Centro de Letras e Comunica\u00e7\u00e3o para participa\u00e7\u00e3o em eventos da \u00e1rea da comunica\u00e7\u00e3o. Foram atendidos tr\u00eas dos quatro pedidos at\u00e9 o teto de 70% dos valores solicitados.<\/p>\n<p>A estudante Esther da Rosa Louro vai receber R$ 590,00 de aux\u00edlio para participar do Intercom Nacional, em Manaus, na pr\u00f3xima semana. J\u00e1 Marcela Lorea Gomes foi atendida com o valor de R$ 375,00 para ir ao Intercom.\u00a0Luis Ricardo Goulart H\u00fctner, que apresentou dois pedidos, vai receber um total de R$ 750,00\u00a0apenas para participar da SBPJor, em Bras\u00edlia, no m\u00eas de novembro.<\/p>\n<p>Os estudantes contemplados devem procurar o Colegiado do Curso. Para receber os recursos, \u00e9 necess\u00e1rio que assinem um termo de compromisso e tragam os comprovantes dos gastos efetuados, entre outras exig\u00eancias.<\/p>\n<p>Veja a\u00a0<a href=\"https:\/\/wp.ufpel.edu.br\/clc\/files\/2013\/08\/Ata-Edital-aux\u00edlio-viagem-alunos-14-08-2013.doc\">Ata Edital-aux\u00edlio-viagem-alunos-14-08-2013<\/a><\/p>\n","protected":false},"excerpt":{"rendered":"<p>O Colegiado do Curso de Jornalismo divulgou os nomes dos estudantes contemplados com recursos da UGR do Centro de Letras e Comunica\u00e7\u00e3o para participa\u00e7\u00e3o em eventos da \u00e1rea da comunica\u00e7\u00e3o. Foram atendidos tr\u00eas dos quatro pedidos at\u00e9 o teto de &hellip; <a href=\"https:\/\/wp.ufpel.edu.br\/clc\/2013\/08\/27\/jornalismo-divulga-estudantes-contemplados-com-auxilio-para-eventos\/\">Continue lendo <span class=\"meta-nav\">&rarr;<\/span><\/a><\/p>\n","protected":false},"author":50,"featured_media":0,"comment_status":"closed","ping_status":"open","sticky":false,"template":"","format":"standard","meta":{"footnotes":""},"categories":[33385,1],"tags":[],"class_list":["post-1734","post","type-post","status-publish","format-standard","hentry","category-editais-e-resultados","category-notcias"],"jetpack_featured_media_url":"","_links":{"self":[{"href":"https:\/\/wp.ufpel.edu.br\/clc\/wp-json\/wp\/v2\/posts\/1734","targetHints":{"allow":["GET"]}}],"collection":[{"href":"https:\/\/wp.ufpel.edu.br\/clc\/wp-json\/wp\/v2\/posts"}],"about":[{"href":"https:\/\/wp.ufpel.edu.br\/clc\/wp-json\/wp\/v2\/types\/post"}],"author":[{"embeddable":true,"href":"https:\/\/wp.ufpel.edu.br\/clc\/wp-json\/wp\/v2\/users\/50"}],"replies":[{"embeddable":true,"href":"https:\/\/wp.ufpel.edu.br\/clc\/wp-json\/wp\/v2\/comments?post=1734"}],"version-history":[{"count":1,"href":"https:\/\/wp.ufpel.edu.br\/clc\/wp-json\/wp\/v2\/posts\/1734\/revisions"}],"predecessor-version":[{"id":1736,"href":"https:\/\/wp.ufpel.edu.br\/clc\/wp-json\/wp\/v2\/posts\/1734\/revisions\/1736"}],"wp:attachment":[{"href":"https:\/\/wp.ufpel.edu.br\/clc\/wp-json\/wp\/v2\/media?parent=1734"}],"wp:term":[{"taxonomy":"category","embeddable":true,"href":"https:\/\/wp.ufpel.edu.br\/clc\/wp-json\/wp\/v2\/categories?post=1734"},{"taxonomy":"post_tag","embeddable":true,"href":"https:\/\/wp.ufpel.edu.br\/clc\/wp-json\/wp\/v2\/tags?post=1734"}],"curies":[{"name":"wp","href":"https:\/\/api.w.org\/{rel}","templated":true}]}}