{"id":1728,"date":"2013-08-27T17:34:33","date_gmt":"2013-08-27T20:34:33","guid":{"rendered":"https:\/\/wp.ufpel.edu.br\/clc\/?p=1728"},"modified":"2017-06-02T18:51:31","modified_gmt":"2017-06-02T21:51:31","slug":"caext-seleciona-bolsista-ministrante-de-lingua-inglesa","status":"publish","type":"post","link":"https:\/\/wp.ufpel.edu.br\/clc\/2013\/08\/27\/caext-seleciona-bolsista-ministrante-de-lingua-inglesa\/","title":{"rendered":"CaExt seleciona bolsista-ministrante de L\u00edngua Inglesa"},"content":{"rendered":"<p>A C\u00e2mara de Extens\u00e3o est\u00e1 com inscri\u00e7\u00f5es abertas de 28 a 30 de agosto para o processo de sele\u00e7\u00e3o de bolsistas no \u00e2mbito do Programa de Bolsas de Extens\u00e3o e Cultura (PROBEC). As duas vagas ofertadas s\u00e3o para atuar como ministrante dos cursos b\u00e1sicos de l\u00edngua inglesa da CaExt.<\/p>\n<p>A sele\u00e7\u00e3o ser\u00e1 realizada atrav\u00e9s de an\u00e1lise de hist\u00f3rico escolar e entrevista, \u00e0s 14h30min no dia 4 de setembro. As inscri\u00e7\u00f5es devem ser feitas na C\u00e2mara de Extens\u00e3o (sala 102) das 14h \u00e0s 18h.<\/p>\n<p>Mais informa\u00e7\u00e3o atrav\u00e9s do e-mail caext@hotmail.com ou pelo telefone (53)\u00a03921-1520<\/p>\n<p>Confira o edital:\u00a0<a href=\"https:\/\/wp.ufpel.edu.br\/clc\/files\/2013\/08\/Edital-007-2013-para-bolsistas-ingles-PROBEC.docx\">Edital 007-2013<\/a><\/p>\n","protected":false},"excerpt":{"rendered":"<p>A C\u00e2mara de Extens\u00e3o est\u00e1 com inscri\u00e7\u00f5es abertas de 28 a 30 de agosto para o processo de sele\u00e7\u00e3o de bolsistas no \u00e2mbito do Programa de Bolsas de Extens\u00e3o e Cultura (PROBEC). As duas vagas ofertadas s\u00e3o para atuar como &hellip; <a href=\"https:\/\/wp.ufpel.edu.br\/clc\/2013\/08\/27\/caext-seleciona-bolsista-ministrante-de-lingua-inglesa\/\">Continue lendo <span class=\"meta-nav\">&rarr;<\/span><\/a><\/p>\n","protected":false},"author":50,"featured_media":0,"comment_status":"closed","ping_status":"open","sticky":false,"template":"","format":"standard","meta":{"footnotes":""},"categories":[33373,33385,33384],"tags":[],"class_list":["post-1728","post","type-post","status-publish","format-standard","hentry","category-avisos","category-editais-e-resultados","category-processos-seletivos"],"jetpack_featured_media_url":"","_links":{"self":[{"href":"https:\/\/wp.ufpel.edu.br\/clc\/wp-json\/wp\/v2\/posts\/1728","targetHints":{"allow":["GET"]}}],"collection":[{"href":"https:\/\/wp.ufpel.edu.br\/clc\/wp-json\/wp\/v2\/posts"}],"about":[{"href":"https:\/\/wp.ufpel.edu.br\/clc\/wp-json\/wp\/v2\/types\/post"}],"author":[{"embeddable":true,"href":"https:\/\/wp.ufpel.edu.br\/clc\/wp-json\/wp\/v2\/users\/50"}],"replies":[{"embeddable":true,"href":"https:\/\/wp.ufpel.edu.br\/clc\/wp-json\/wp\/v2\/comments?post=1728"}],"version-history":[{"count":3,"href":"https:\/\/wp.ufpel.edu.br\/clc\/wp-json\/wp\/v2\/posts\/1728\/revisions"}],"predecessor-version":[{"id":1732,"href":"https:\/\/wp.ufpel.edu.br\/clc\/wp-json\/wp\/v2\/posts\/1728\/revisions\/1732"}],"wp:attachment":[{"href":"https:\/\/wp.ufpel.edu.br\/clc\/wp-json\/wp\/v2\/media?parent=1728"}],"wp:term":[{"taxonomy":"category","embeddable":true,"href":"https:\/\/wp.ufpel.edu.br\/clc\/wp-json\/wp\/v2\/categories?post=1728"},{"taxonomy":"post_tag","embeddable":true,"href":"https:\/\/wp.ufpel.edu.br\/clc\/wp-json\/wp\/v2\/tags?post=1728"}],"curies":[{"name":"wp","href":"https:\/\/api.w.org\/{rel}","templated":true}]}}