{"id":17181,"date":"2024-09-25T15:55:13","date_gmt":"2024-09-25T18:55:13","guid":{"rendered":"https:\/\/wp.ufpel.edu.br\/clc\/?p=17181"},"modified":"2024-09-25T15:55:13","modified_gmt":"2024-09-25T18:55:13","slug":"ufpel-prorroga-suspensao-das-atividades-ate-26-de-setembro-quinta","status":"publish","type":"post","link":"https:\/\/wp.ufpel.edu.br\/clc\/2024\/09\/25\/ufpel-prorroga-suspensao-das-atividades-ate-26-de-setembro-quinta\/","title":{"rendered":"UFPel prorroga suspens\u00e3o das atividades at\u00e9 26 de setembro (quinta)"},"content":{"rendered":"<p style=\"text-align: justify;\">A UFPel anunciou a prorroga\u00e7\u00e3o da suspens\u00e3o das atividades acad\u00eamicas e administrativas at\u00e9 a noite de quinta-feira, 26 de setembro de 2024.<br class=\"html-br\" \/><br class=\"html-br\" \/>Segundo a <a href=\"https:\/\/ccs2.ufpel.edu.br\/wp\/wp-content\/uploads\/2024\/09\/portaria-suspensao-26-setembro.pdf\">portaria<\/a> emitida pelo Gabinete da Reitoria, as atividades administrativas devem ser realizadas de maneira remota, sempre que poss\u00edvel, considerando o contexto de excepcionalidade. Essa medida ser\u00e1 aplicada independentemente da ades\u00e3o ao Programa de Gest\u00e3o e Desempenho (PGD), desde que existam condi\u00e7\u00f5es materiais adequadas. As atividades consideradas essenciais n\u00e3o est\u00e3o inclu\u00eddas na suspens\u00e3o.<\/p>\n<p style=\"text-align: justify;\">A regulamenta\u00e7\u00e3o da recupera\u00e7\u00e3o dos dias letivos ser\u00e1 definida posteriormente pelo Conselho Coordenador do Ensino da Pesquisa e da Extens\u00e3o (Cocepe).<\/p>\n<p>Fonte: site da UFPEL.<\/p>\n","protected":false},"excerpt":{"rendered":"<p>A UFPel anunciou a prorroga\u00e7\u00e3o da suspens\u00e3o das atividades acad\u00eamicas e administrativas at\u00e9 a noite de quinta-feira, 26 de setembro de 2024.Segundo a portaria emitida pelo Gabinete da Reitoria, as atividades administrativas devem ser realizadas de maneira remota, sempre que &hellip; <a href=\"https:\/\/wp.ufpel.edu.br\/clc\/2024\/09\/25\/ufpel-prorroga-suspensao-das-atividades-ate-26-de-setembro-quinta\/\">Continue lendo <span class=\"meta-nav\">&rarr;<\/span><\/a><\/p>\n","protected":false},"author":50,"featured_media":0,"comment_status":"closed","ping_status":"closed","sticky":false,"template":"","format":"standard","meta":{"footnotes":""},"categories":[33373,1],"tags":[],"class_list":["post-17181","post","type-post","status-publish","format-standard","hentry","category-avisos","category-notcias"],"jetpack_featured_media_url":"","_links":{"self":[{"href":"https:\/\/wp.ufpel.edu.br\/clc\/wp-json\/wp\/v2\/posts\/17181","targetHints":{"allow":["GET"]}}],"collection":[{"href":"https:\/\/wp.ufpel.edu.br\/clc\/wp-json\/wp\/v2\/posts"}],"about":[{"href":"https:\/\/wp.ufpel.edu.br\/clc\/wp-json\/wp\/v2\/types\/post"}],"author":[{"embeddable":true,"href":"https:\/\/wp.ufpel.edu.br\/clc\/wp-json\/wp\/v2\/users\/50"}],"replies":[{"embeddable":true,"href":"https:\/\/wp.ufpel.edu.br\/clc\/wp-json\/wp\/v2\/comments?post=17181"}],"version-history":[{"count":1,"href":"https:\/\/wp.ufpel.edu.br\/clc\/wp-json\/wp\/v2\/posts\/17181\/revisions"}],"predecessor-version":[{"id":17183,"href":"https:\/\/wp.ufpel.edu.br\/clc\/wp-json\/wp\/v2\/posts\/17181\/revisions\/17183"}],"wp:attachment":[{"href":"https:\/\/wp.ufpel.edu.br\/clc\/wp-json\/wp\/v2\/media?parent=17181"}],"wp:term":[{"taxonomy":"category","embeddable":true,"href":"https:\/\/wp.ufpel.edu.br\/clc\/wp-json\/wp\/v2\/categories?post=17181"},{"taxonomy":"post_tag","embeddable":true,"href":"https:\/\/wp.ufpel.edu.br\/clc\/wp-json\/wp\/v2\/tags?post=17181"}],"curies":[{"name":"wp","href":"https:\/\/api.w.org\/{rel}","templated":true}]}}