{"id":17170,"date":"2024-09-24T14:17:15","date_gmt":"2024-09-24T17:17:15","guid":{"rendered":"https:\/\/wp.ufpel.edu.br\/clc\/?p=17170"},"modified":"2024-09-25T15:56:17","modified_gmt":"2024-09-25T18:56:17","slug":"17170","status":"publish","type":"post","link":"https:\/\/wp.ufpel.edu.br\/clc\/2024\/09\/24\/17170\/","title":{"rendered":"CLC e NUGEN lan\u00e7am Curso de Produ\u00e7\u00e3o Oral e Escrita para estudantes trans e travestis"},"content":{"rendered":"<p style=\"text-align: justify;\"><a href=\"https:\/\/wp.ufpel.edu.br\/clc\/files\/2024\/09\/Formacao-1086x1536-1.png\"><img loading=\"lazy\" decoding=\"async\" class=\"aligncenter wp-image-17172 \" src=\"https:\/\/wp.ufpel.edu.br\/clc\/files\/2024\/09\/Formacao-1086x1536-1.png\" alt=\"\" width=\"458\" height=\"649\" srcset=\"https:\/\/wp.ufpel.edu.br\/clc\/files\/2024\/09\/Formacao-1086x1536-1.png 1086w, https:\/\/wp.ufpel.edu.br\/clc\/files\/2024\/09\/Formacao-1086x1536-1-225x318.png 225w, https:\/\/wp.ufpel.edu.br\/clc\/files\/2024\/09\/Formacao-1086x1536-1-112x159.png 112w, https:\/\/wp.ufpel.edu.br\/clc\/files\/2024\/09\/Formacao-1086x1536-1-768x1086.png 768w\" sizes=\"auto, (max-width: 458px) 100vw, 458px\" \/><\/a>O CLC e o NUGEN est\u00e3o lan\u00e7ando o Curso de Produ\u00e7\u00e3o Oral e Escrita focado em alunes trans e travestis. O curso tem como objetivo oferecer ferramentas pr\u00e1ticas para aprimorar tanto a express\u00e3o oral quanto a escrita em diversos contextos.<\/p>\n<p style=\"text-align: justify;\">Dura\u00e7\u00e3o: de 27\/09\/24 at\u00e9 dezembro<\/p>\n<p style=\"text-align: justify;\">Hor\u00e1rio: todas as sextas-feiras, das 9h \u00e0s 11h<\/p>\n<p style=\"text-align: justify;\">Local da primeira aula: Campus II da UFPel (R. Alm. Barroso, 1202)<\/p>\n<p style=\"text-align: justify;\">N\u00e3o perca essa oportunidade de crescimento pessoal e profissional! Para participar, inscreva-se no <a href=\"https:\/\/forms.gle\/CBWfuBEC3RCvwV6x9\">link.<\/a><\/p>\n","protected":false},"excerpt":{"rendered":"<p>O CLC e o NUGEN est\u00e3o lan\u00e7ando o Curso de Produ\u00e7\u00e3o Oral e Escrita focado em alunes trans e travestis. O curso tem como objetivo oferecer ferramentas pr\u00e1ticas para aprimorar tanto a express\u00e3o oral quanto a escrita em diversos contextos. &hellip; <a href=\"https:\/\/wp.ufpel.edu.br\/clc\/2024\/09\/24\/17170\/\">Continue lendo <span class=\"meta-nav\">&rarr;<\/span><\/a><\/p>\n","protected":false},"author":50,"featured_media":0,"comment_status":"closed","ping_status":"closed","sticky":false,"template":"","format":"standard","meta":{"footnotes":""},"categories":[33392,1],"tags":[],"class_list":["post-17170","post","type-post","status-publish","format-standard","hentry","category-cursos","category-notcias"],"jetpack_featured_media_url":"","_links":{"self":[{"href":"https:\/\/wp.ufpel.edu.br\/clc\/wp-json\/wp\/v2\/posts\/17170","targetHints":{"allow":["GET"]}}],"collection":[{"href":"https:\/\/wp.ufpel.edu.br\/clc\/wp-json\/wp\/v2\/posts"}],"about":[{"href":"https:\/\/wp.ufpel.edu.br\/clc\/wp-json\/wp\/v2\/types\/post"}],"author":[{"embeddable":true,"href":"https:\/\/wp.ufpel.edu.br\/clc\/wp-json\/wp\/v2\/users\/50"}],"replies":[{"embeddable":true,"href":"https:\/\/wp.ufpel.edu.br\/clc\/wp-json\/wp\/v2\/comments?post=17170"}],"version-history":[{"count":4,"href":"https:\/\/wp.ufpel.edu.br\/clc\/wp-json\/wp\/v2\/posts\/17170\/revisions"}],"predecessor-version":[{"id":17184,"href":"https:\/\/wp.ufpel.edu.br\/clc\/wp-json\/wp\/v2\/posts\/17170\/revisions\/17184"}],"wp:attachment":[{"href":"https:\/\/wp.ufpel.edu.br\/clc\/wp-json\/wp\/v2\/media?parent=17170"}],"wp:term":[{"taxonomy":"category","embeddable":true,"href":"https:\/\/wp.ufpel.edu.br\/clc\/wp-json\/wp\/v2\/categories?post=17170"},{"taxonomy":"post_tag","embeddable":true,"href":"https:\/\/wp.ufpel.edu.br\/clc\/wp-json\/wp\/v2\/tags?post=17170"}],"curies":[{"name":"wp","href":"https:\/\/api.w.org\/{rel}","templated":true}]}}