{"id":1705,"date":"2013-08-21T15:22:13","date_gmt":"2013-08-21T18:22:13","guid":{"rendered":"https:\/\/wp.ufpel.edu.br\/clc\/?p=1705"},"modified":"2013-08-21T15:22:13","modified_gmt":"2013-08-21T18:22:13","slug":"proximo-teste-de-competencia-em-leitura-em-le-tem-previsao-para-o-mes-de-outubro","status":"publish","type":"post","link":"https:\/\/wp.ufpel.edu.br\/clc\/2013\/08\/21\/proximo-teste-de-competencia-em-leitura-em-le-tem-previsao-para-o-mes-de-outubro\/","title":{"rendered":"Pr\u00f3ximo Teste de Compet\u00eancia em Leitura em LE tem previs\u00e3o para o m\u00eas de Outubro"},"content":{"rendered":"<p>Os <strong>Testes de Compet\u00eancia em Leitura em L\u00edngua Estrangeira (TCLLE)\u00a0<\/strong>tem previs\u00e3o para ocorrer todos os anos nos meses de maio e outubro.<\/p>\n<p>Os editais s\u00e3o divulgados nos jornais, no site da UFPel, Portal do Centro de Letras e Comunica\u00e7\u00e3o e no Di\u00e1rio Oficial \u00a0no m\u00eas anterior a realiza\u00e7\u00e3o das provas.<\/p>\n","protected":false},"excerpt":{"rendered":"<p>Os Testes de Compet\u00eancia em Leitura em L\u00edngua Estrangeira (TCLLE)\u00a0tem previs\u00e3o para ocorrer todos os anos nos meses de maio e outubro. Os editais s\u00e3o divulgados nos jornais, no site da UFPel, Portal do Centro de Letras e Comunica\u00e7\u00e3o e &hellip; <a href=\"https:\/\/wp.ufpel.edu.br\/clc\/2013\/08\/21\/proximo-teste-de-competencia-em-leitura-em-le-tem-previsao-para-o-mes-de-outubro\/\">Continue lendo <span class=\"meta-nav\">&rarr;<\/span><\/a><\/p>\n","protected":false},"author":50,"featured_media":0,"comment_status":"closed","ping_status":"open","sticky":false,"template":"","format":"standard","meta":{"footnotes":""},"categories":[1],"tags":[],"class_list":["post-1705","post","type-post","status-publish","format-standard","hentry","category-notcias"],"jetpack_featured_media_url":"","_links":{"self":[{"href":"https:\/\/wp.ufpel.edu.br\/clc\/wp-json\/wp\/v2\/posts\/1705","targetHints":{"allow":["GET"]}}],"collection":[{"href":"https:\/\/wp.ufpel.edu.br\/clc\/wp-json\/wp\/v2\/posts"}],"about":[{"href":"https:\/\/wp.ufpel.edu.br\/clc\/wp-json\/wp\/v2\/types\/post"}],"author":[{"embeddable":true,"href":"https:\/\/wp.ufpel.edu.br\/clc\/wp-json\/wp\/v2\/users\/50"}],"replies":[{"embeddable":true,"href":"https:\/\/wp.ufpel.edu.br\/clc\/wp-json\/wp\/v2\/comments?post=1705"}],"version-history":[{"count":1,"href":"https:\/\/wp.ufpel.edu.br\/clc\/wp-json\/wp\/v2\/posts\/1705\/revisions"}],"predecessor-version":[{"id":1706,"href":"https:\/\/wp.ufpel.edu.br\/clc\/wp-json\/wp\/v2\/posts\/1705\/revisions\/1706"}],"wp:attachment":[{"href":"https:\/\/wp.ufpel.edu.br\/clc\/wp-json\/wp\/v2\/media?parent=1705"}],"wp:term":[{"taxonomy":"category","embeddable":true,"href":"https:\/\/wp.ufpel.edu.br\/clc\/wp-json\/wp\/v2\/categories?post=1705"},{"taxonomy":"post_tag","embeddable":true,"href":"https:\/\/wp.ufpel.edu.br\/clc\/wp-json\/wp\/v2\/tags?post=1705"}],"curies":[{"name":"wp","href":"https:\/\/api.w.org\/{rel}","templated":true}]}}