{"id":1697,"date":"2013-08-20T18:41:13","date_gmt":"2013-08-20T21:41:13","guid":{"rendered":"https:\/\/wp.ufpel.edu.br\/clc\/?p=1697"},"modified":"2013-08-20T18:41:13","modified_gmt":"2013-08-20T21:41:13","slug":"diretor-do-clc-passa-a-integrar-a-comissao-de-alocacao-de-vagas-docentes","status":"publish","type":"post","link":"https:\/\/wp.ufpel.edu.br\/clc\/2013\/08\/20\/diretor-do-clc-passa-a-integrar-a-comissao-de-alocacao-de-vagas-docentes\/","title":{"rendered":"Diretor do CLC passa a integrar a Comiss\u00e3o de Aloca\u00e7\u00e3o de Vagas Docentes"},"content":{"rendered":"<p>A partir desta semana, o diretor do Centro de Letras e Comunica\u00e7\u00e3o, Lu\u00eds Isa\u00edas Centeno do Amaral e o diretor do Centro de Engenharias, Cl\u00e1udio Duarte, passam a fazer parte da Comiss\u00e3o para elabora\u00e7\u00e3o da Matriz de Aloca\u00e7\u00e3o de Vagas Docentes da UFPel. A defini\u00e7\u00e3o dos dois novos membros da comiss\u00e3o ocorreu nesta segunda (19) durante reuni\u00e3o da reitoria com diretores de centros e unidades acad\u00eamicas, no audit\u00f3rio do 4\u00ba andar do Campus Porto.<\/p>\n<p>Na ocasi\u00e3o, foi definido que a discuss\u00e3o sobre o tema ser\u00e1 prorrogada at\u00e9 o m\u00eas de dezembro, quando a comiss\u00e3o dever\u00e1 expor uma nova proposta. \u00a0A comiss\u00e3o far\u00e1 estudos <i>in loco, <\/i>para levantar as reais necessidades de cada unidade levando em considera\u00e7\u00e3o suas especificidades, a rela\u00e7\u00e3o aluno\/professor e a redu\u00e7\u00e3o de carga hor\u00e1ria devido ao exerc\u00edcio de cargos administrativos ou afastamentos para qualifica\u00e7\u00e3o, por exemplo.<\/p>\n<p>&nbsp;<\/p>\n","protected":false},"excerpt":{"rendered":"<p>A partir desta semana, o diretor do Centro de Letras e Comunica\u00e7\u00e3o, Lu\u00eds Isa\u00edas Centeno do Amaral e o diretor do Centro de Engenharias, Cl\u00e1udio Duarte, passam a fazer parte da Comiss\u00e3o para elabora\u00e7\u00e3o da Matriz de Aloca\u00e7\u00e3o de Vagas &hellip; <a href=\"https:\/\/wp.ufpel.edu.br\/clc\/2013\/08\/20\/diretor-do-clc-passa-a-integrar-a-comissao-de-alocacao-de-vagas-docentes\/\">Continue lendo <span class=\"meta-nav\">&rarr;<\/span><\/a><\/p>\n","protected":false},"author":50,"featured_media":0,"comment_status":"closed","ping_status":"open","sticky":false,"template":"","format":"standard","meta":{"footnotes":""},"categories":[1],"tags":[],"class_list":["post-1697","post","type-post","status-publish","format-standard","hentry","category-notcias"],"jetpack_featured_media_url":"","_links":{"self":[{"href":"https:\/\/wp.ufpel.edu.br\/clc\/wp-json\/wp\/v2\/posts\/1697","targetHints":{"allow":["GET"]}}],"collection":[{"href":"https:\/\/wp.ufpel.edu.br\/clc\/wp-json\/wp\/v2\/posts"}],"about":[{"href":"https:\/\/wp.ufpel.edu.br\/clc\/wp-json\/wp\/v2\/types\/post"}],"author":[{"embeddable":true,"href":"https:\/\/wp.ufpel.edu.br\/clc\/wp-json\/wp\/v2\/users\/50"}],"replies":[{"embeddable":true,"href":"https:\/\/wp.ufpel.edu.br\/clc\/wp-json\/wp\/v2\/comments?post=1697"}],"version-history":[{"count":3,"href":"https:\/\/wp.ufpel.edu.br\/clc\/wp-json\/wp\/v2\/posts\/1697\/revisions"}],"predecessor-version":[{"id":1703,"href":"https:\/\/wp.ufpel.edu.br\/clc\/wp-json\/wp\/v2\/posts\/1697\/revisions\/1703"}],"wp:attachment":[{"href":"https:\/\/wp.ufpel.edu.br\/clc\/wp-json\/wp\/v2\/media?parent=1697"}],"wp:term":[{"taxonomy":"category","embeddable":true,"href":"https:\/\/wp.ufpel.edu.br\/clc\/wp-json\/wp\/v2\/categories?post=1697"},{"taxonomy":"post_tag","embeddable":true,"href":"https:\/\/wp.ufpel.edu.br\/clc\/wp-json\/wp\/v2\/tags?post=1697"}],"curies":[{"name":"wp","href":"https:\/\/api.w.org\/{rel}","templated":true}]}}