{"id":16937,"date":"2024-08-02T15:59:32","date_gmt":"2024-08-02T18:59:32","guid":{"rendered":"https:\/\/wp.ufpel.edu.br\/clc\/?p=16937"},"modified":"2024-08-02T15:59:32","modified_gmt":"2024-08-02T18:59:32","slug":"exame-celpe-bras-tem-edital-publicado","status":"publish","type":"post","link":"https:\/\/wp.ufpel.edu.br\/clc\/2024\/08\/02\/exame-celpe-bras-tem-edital-publicado\/","title":{"rendered":"Exame Celpe-Bras tem edital publicado"},"content":{"rendered":"<div style=\"text-align: justify;\"><span style=\"font-size: 12pt;\"><a href=\"https:\/\/wp.ufpel.edu.br\/clc\/files\/2024\/08\/edital-2024.png\"><img loading=\"lazy\" decoding=\"async\" class=\"aligncenter wp-image-16939 \" src=\"https:\/\/wp.ufpel.edu.br\/clc\/files\/2024\/08\/edital-2024.png\" alt=\"\" width=\"489\" height=\"489\" srcset=\"https:\/\/wp.ufpel.edu.br\/clc\/files\/2024\/08\/edital-2024.png 1080w, https:\/\/wp.ufpel.edu.br\/clc\/files\/2024\/08\/edital-2024-318x318.png 318w, https:\/\/wp.ufpel.edu.br\/clc\/files\/2024\/08\/edital-2024-159x159.png 159w, https:\/\/wp.ufpel.edu.br\/clc\/files\/2024\/08\/edital-2024-768x768.png 768w\" sizes=\"auto, (max-width: 489px) 100vw, 489px\" \/><\/a>Foi publicado, no Di\u00e1rio Oficial da Uni\u00e3o, o edital para a pr\u00f3xima edi\u00e7\u00e3o do Exame Celpe-Bras (Certificado de Profici\u00eancia em L\u00edngua Portuguesa para Estrangeiros).<\/span><\/div>\n<div style=\"text-align: justify;\">\n<span style=\"font-size: 12pt;\">Confira algumas datas importantes:<\/span><br \/>\n<span style=\"font-size: 12pt;\">Per\u00edodo de inscri\u00e7\u00f5es: de 05 a 16 de agosto<\/span><br \/>\n<span style=\"font-size: 12pt;\">Aplica\u00e7\u00e3o da prova: de 22 a 25 de outubro<\/span><\/div>\n<div style=\"text-align: justify;\"><\/div>\n<div style=\"text-align: justify;\"><span style=\"font-size: 12pt;\">O site para realizar a inscri\u00e7\u00e3o \u00e9 este:\u00a0<a href=\"http:\/\/celpebras.inep.gov.br\/celpebras\/\" target=\"_blank\" rel=\"noopener\" data-saferedirecturl=\"https:\/\/www.google.com\/url?q=https:\/\/celpebras.inep.gov.br\/celpebras&amp;source=gmail&amp;ust=1722711237173000&amp;usg=AOvVaw1GXVPG2cKfpmOMKOmtTJOg\">https:\/\/celpebras.inep.<wbr \/>gov.br\/celpebras<\/a><\/span><\/p>\n<p><span style=\"font-size: 12pt;\">A UFPel \u00e9 um posto aplicador da prova! \u00a0O Certificado de Profici\u00eancia em L\u00edngua Portuguesa para Estrangeiros (Celpe-Bras) \u00e9 o exame brasileiro oficial para comprova\u00e7\u00e3o de profici\u00eancia em portugu\u00eas como l\u00edngua estrangeira, aceito em universidades e empresas brasileiras, bem como nos processos de revalida\u00e7\u00e3o de diplomas m\u00e9dicos e de naturaliza\u00e7\u00e3o.<\/span><br \/>\n<span style=\"font-size: 12pt;\">Qualquer d\u00favida, entre em contato pelo e-mail ppe.clc.ufpel@gmail.com<\/span><\/div>\n","protected":false},"excerpt":{"rendered":"<p>Foi publicado, no Di\u00e1rio Oficial da Uni\u00e3o, o edital para a pr\u00f3xima edi\u00e7\u00e3o do Exame Celpe-Bras (Certificado de Profici\u00eancia em L\u00edngua Portuguesa para Estrangeiros). Confira algumas datas importantes: Per\u00edodo de inscri\u00e7\u00f5es: de 05 a 16 de agosto Aplica\u00e7\u00e3o da prova: &hellip; <a href=\"https:\/\/wp.ufpel.edu.br\/clc\/2024\/08\/02\/exame-celpe-bras-tem-edital-publicado\/\">Continue lendo <span class=\"meta-nav\">&rarr;<\/span><\/a><\/p>\n","protected":false},"author":50,"featured_media":0,"comment_status":"closed","ping_status":"closed","sticky":false,"template":"","format":"standard","meta":{"footnotes":""},"categories":[33385,33401],"tags":[],"class_list":["post-16937","post","type-post","status-publish","format-standard","hentry","category-editais-e-resultados","category-portugues-para-estrangeiros"],"jetpack_featured_media_url":"","_links":{"self":[{"href":"https:\/\/wp.ufpel.edu.br\/clc\/wp-json\/wp\/v2\/posts\/16937","targetHints":{"allow":["GET"]}}],"collection":[{"href":"https:\/\/wp.ufpel.edu.br\/clc\/wp-json\/wp\/v2\/posts"}],"about":[{"href":"https:\/\/wp.ufpel.edu.br\/clc\/wp-json\/wp\/v2\/types\/post"}],"author":[{"embeddable":true,"href":"https:\/\/wp.ufpel.edu.br\/clc\/wp-json\/wp\/v2\/users\/50"}],"replies":[{"embeddable":true,"href":"https:\/\/wp.ufpel.edu.br\/clc\/wp-json\/wp\/v2\/comments?post=16937"}],"version-history":[{"count":1,"href":"https:\/\/wp.ufpel.edu.br\/clc\/wp-json\/wp\/v2\/posts\/16937\/revisions"}],"predecessor-version":[{"id":16940,"href":"https:\/\/wp.ufpel.edu.br\/clc\/wp-json\/wp\/v2\/posts\/16937\/revisions\/16940"}],"wp:attachment":[{"href":"https:\/\/wp.ufpel.edu.br\/clc\/wp-json\/wp\/v2\/media?parent=16937"}],"wp:term":[{"taxonomy":"category","embeddable":true,"href":"https:\/\/wp.ufpel.edu.br\/clc\/wp-json\/wp\/v2\/categories?post=16937"},{"taxonomy":"post_tag","embeddable":true,"href":"https:\/\/wp.ufpel.edu.br\/clc\/wp-json\/wp\/v2\/tags?post=16937"}],"curies":[{"name":"wp","href":"https:\/\/api.w.org\/{rel}","templated":true}]}}