{"id":16924,"date":"2024-07-31T15:18:27","date_gmt":"2024-07-31T18:18:27","guid":{"rendered":"https:\/\/wp.ufpel.edu.br\/clc\/?p=16924"},"modified":"2024-08-02T15:19:50","modified_gmt":"2024-08-02T18:19:50","slug":"area-de-libras-recebe-certificado-de-reconhecimento","status":"publish","type":"post","link":"https:\/\/wp.ufpel.edu.br\/clc\/2024\/07\/31\/area-de-libras-recebe-certificado-de-reconhecimento\/","title":{"rendered":"\u00c1rea de Libras recebe certificado de reconhecimento"},"content":{"rendered":"<div dir=\"auto\" style=\"text-align: justify;\"><span style=\"font-size: 12pt;\">A \u00c1rea de Libras e o Curso de Letras Libras\/Literatura Surda receberam um certificado de reconhecimento pelas contribui\u00e7\u00f5es \u00e0 comunidade Surda de Pelotas e regi\u00e3o. Foi no dia 27 de julho, na ocasi\u00e3o da Festa de comemora\u00e7\u00e3o dos 25 anos da Associa\u00e7\u00e3o de Surdos de Pelotas.\u00a0<\/span><\/div>\n<div dir=\"auto\"><a href=\"https:\/\/wp.ufpel.edu.br\/clc\/files\/2024\/07\/IMG_20240727_211226_625-scaled.jpg\"><img loading=\"lazy\" decoding=\"async\" class=\"aligncenter wp-image-16926 \" src=\"https:\/\/wp.ufpel.edu.br\/clc\/files\/2024\/07\/IMG_20240727_211226_625-scaled.jpg\" alt=\"\" width=\"521\" height=\"374\" srcset=\"https:\/\/wp.ufpel.edu.br\/clc\/files\/2024\/07\/IMG_20240727_211226_625-scaled.jpg 2560w, https:\/\/wp.ufpel.edu.br\/clc\/files\/2024\/07\/IMG_20240727_211226_625-424x304.jpg 424w, https:\/\/wp.ufpel.edu.br\/clc\/files\/2024\/07\/IMG_20240727_211226_625-212x152.jpg 212w, https:\/\/wp.ufpel.edu.br\/clc\/files\/2024\/07\/IMG_20240727_211226_625-768x550.jpg 768w, https:\/\/wp.ufpel.edu.br\/clc\/files\/2024\/07\/IMG_20240727_211226_625-1536x1100.jpg 1536w, https:\/\/wp.ufpel.edu.br\/clc\/files\/2024\/07\/IMG_20240727_211226_625-2048x1467.jpg 2048w\" sizes=\"auto, (max-width: 521px) 100vw, 521px\" \/><\/a><\/div>\n","protected":false},"excerpt":{"rendered":"<p>A \u00c1rea de Libras e o Curso de Letras Libras\/Literatura Surda receberam um certificado de reconhecimento pelas contribui\u00e7\u00f5es \u00e0 comunidade Surda de Pelotas e regi\u00e3o. Foi no dia 27 de julho, na ocasi\u00e3o da Festa de comemora\u00e7\u00e3o dos 25 anos &hellip; <a href=\"https:\/\/wp.ufpel.edu.br\/clc\/2024\/07\/31\/area-de-libras-recebe-certificado-de-reconhecimento\/\">Continue lendo <span class=\"meta-nav\">&rarr;<\/span><\/a><\/p>\n","protected":false},"author":50,"featured_media":0,"comment_status":"closed","ping_status":"closed","sticky":false,"template":"","format":"standard","meta":{"footnotes":""},"categories":[1],"tags":[],"class_list":["post-16924","post","type-post","status-publish","format-standard","hentry","category-notcias"],"jetpack_featured_media_url":"","_links":{"self":[{"href":"https:\/\/wp.ufpel.edu.br\/clc\/wp-json\/wp\/v2\/posts\/16924","targetHints":{"allow":["GET"]}}],"collection":[{"href":"https:\/\/wp.ufpel.edu.br\/clc\/wp-json\/wp\/v2\/posts"}],"about":[{"href":"https:\/\/wp.ufpel.edu.br\/clc\/wp-json\/wp\/v2\/types\/post"}],"author":[{"embeddable":true,"href":"https:\/\/wp.ufpel.edu.br\/clc\/wp-json\/wp\/v2\/users\/50"}],"replies":[{"embeddable":true,"href":"https:\/\/wp.ufpel.edu.br\/clc\/wp-json\/wp\/v2\/comments?post=16924"}],"version-history":[{"count":2,"href":"https:\/\/wp.ufpel.edu.br\/clc\/wp-json\/wp\/v2\/posts\/16924\/revisions"}],"predecessor-version":[{"id":16932,"href":"https:\/\/wp.ufpel.edu.br\/clc\/wp-json\/wp\/v2\/posts\/16924\/revisions\/16932"}],"wp:attachment":[{"href":"https:\/\/wp.ufpel.edu.br\/clc\/wp-json\/wp\/v2\/media?parent=16924"}],"wp:term":[{"taxonomy":"category","embeddable":true,"href":"https:\/\/wp.ufpel.edu.br\/clc\/wp-json\/wp\/v2\/categories?post=16924"},{"taxonomy":"post_tag","embeddable":true,"href":"https:\/\/wp.ufpel.edu.br\/clc\/wp-json\/wp\/v2\/tags?post=16924"}],"curies":[{"name":"wp","href":"https:\/\/api.w.org\/{rel}","templated":true}]}}