{"id":16793,"date":"2024-07-17T16:37:25","date_gmt":"2024-07-17T19:37:25","guid":{"rendered":"https:\/\/wp.ufpel.edu.br\/clc\/?p=16793"},"modified":"2024-07-17T16:37:25","modified_gmt":"2024-07-17T19:37:25","slug":"theatre-a-lire-la-langue-francaise-en-scene","status":"publish","type":"post","link":"https:\/\/wp.ufpel.edu.br\/clc\/2024\/07\/17\/theatre-a-lire-la-langue-francaise-en-scene\/","title":{"rendered":"Th\u00e9\u00e2tre \u00e0 lire: la langue fran\u00e7aise en sc\u00e8ne"},"content":{"rendered":"<p style=\"text-align: justify;\"><a href=\"https:\/\/wp.ufpel.edu.br\/clc\/files\/2024\/07\/Imagem-Theatre-a-lire.jpeg\"><img loading=\"lazy\" decoding=\"async\" class=\"aligncenter wp-image-16795 \" src=\"https:\/\/wp.ufpel.edu.br\/clc\/files\/2024\/07\/Imagem-Theatre-a-lire.jpeg\" alt=\"\" width=\"592\" height=\"740\" srcset=\"https:\/\/wp.ufpel.edu.br\/clc\/files\/2024\/07\/Imagem-Theatre-a-lire.jpeg 1080w, https:\/\/wp.ufpel.edu.br\/clc\/files\/2024\/07\/Imagem-Theatre-a-lire-254x318.jpeg 254w, https:\/\/wp.ufpel.edu.br\/clc\/files\/2024\/07\/Imagem-Theatre-a-lire-127x159.jpeg 127w, https:\/\/wp.ufpel.edu.br\/clc\/files\/2024\/07\/Imagem-Theatre-a-lire-768x960.jpeg 768w\" sizes=\"auto, (max-width: 592px) 100vw, 592px\" \/><\/a>Esta a\u00e7\u00e3o de ensino faz parte das atividades do projeto Leitura dram\u00e1tica e FLE \/ Teatro em franc\u00eas e prev\u00ea encontros mensais de discuss\u00e3o de textos teatrais escritos em l\u00edngua francesa. A iniciativa visa difundir a literatura dram\u00e1tica em l\u00edngua francesa junto \u00e0 comunidade acad\u00eamica e incentivar a conversa\u00e7\u00e3o, j\u00e1 que os debates ser\u00e3o em franc\u00eas. Poder\u00e3o participar estudantes do curso de Licenciatura em Letras &#8211; Portugu\u00eas e Franc\u00eas, al\u00e9m de discentes de outros cursos, docentes e t\u00e9cnicos que se interessem pelo tema.<\/p>\n<p style=\"text-align: justify;\">A atividade ter\u00e1 certifica\u00e7\u00e3o de horas de acordo com a participa\u00e7\u00e3o em cada encontro mensal. Os encontros ocorrer\u00e3o durante o semestre letivo, sempre na primeira sexta-feira de cada m\u00eas e s\u00e3o abertos (sem necessidade de inscri\u00e7\u00e3o pr\u00e9via). Aqueles que desejarem participar da a\u00e7\u00e3o podem acessar o banco de textos no link abaixo e ler a pe\u00e7a referente ao m\u00eas.<\/p>\n<p><a href=\"https:\/\/drive.google.com\/drive\/folders\/1kXWn8pqqo6QAP9abryIVA-OLHMJAtf4C?usp=sharing\">Link do banco de textos\u00a0<\/a><br \/>\nTexto: &#8220;Le Chandelier&#8221; (1835) d\u2019Alfred Musset<br \/>\nData: 02\/08\/2024 (sexta-feira)<br \/>\nHor\u00e1rio: 10h-11h30min<br \/>\nLocal: N\u00facleo de Teatro da UFPel (Rua Alberto Rosa, 580)<br \/>\nCoordena\u00e7\u00e3o: Profas. Maristela Machado e Fernanda Vieira Fernandes<br \/>\nApoio: N\u00facleo de Teatro da UFPel<br \/>\nArte do cartaz: Mario Celso<\/p>\n<p><a href=\"mailto:maristelagsm@gmail.com\" target=\"_blank\" rel=\"noopener\">E-mail de contato para d\u00favidas<\/a>.<\/p>\n","protected":false},"excerpt":{"rendered":"<p>Esta a\u00e7\u00e3o de ensino faz parte das atividades do projeto Leitura dram\u00e1tica e FLE \/ Teatro em franc\u00eas e prev\u00ea encontros mensais de discuss\u00e3o de textos teatrais escritos em l\u00edngua francesa. A iniciativa visa difundir a literatura dram\u00e1tica em l\u00edngua &hellip; <a href=\"https:\/\/wp.ufpel.edu.br\/clc\/2024\/07\/17\/theatre-a-lire-la-langue-francaise-en-scene\/\">Continue lendo <span class=\"meta-nav\">&rarr;<\/span><\/a><\/p>\n","protected":false},"author":50,"featured_media":0,"comment_status":"closed","ping_status":"closed","sticky":false,"template":"","format":"standard","meta":{"footnotes":""},"categories":[33391,33388,33386],"tags":[],"class_list":["post-16793","post","type-post","status-publish","format-standard","hentry","category-alunos","category-camara-de-ensino","category-eventos"],"jetpack_featured_media_url":"","_links":{"self":[{"href":"https:\/\/wp.ufpel.edu.br\/clc\/wp-json\/wp\/v2\/posts\/16793","targetHints":{"allow":["GET"]}}],"collection":[{"href":"https:\/\/wp.ufpel.edu.br\/clc\/wp-json\/wp\/v2\/posts"}],"about":[{"href":"https:\/\/wp.ufpel.edu.br\/clc\/wp-json\/wp\/v2\/types\/post"}],"author":[{"embeddable":true,"href":"https:\/\/wp.ufpel.edu.br\/clc\/wp-json\/wp\/v2\/users\/50"}],"replies":[{"embeddable":true,"href":"https:\/\/wp.ufpel.edu.br\/clc\/wp-json\/wp\/v2\/comments?post=16793"}],"version-history":[{"count":1,"href":"https:\/\/wp.ufpel.edu.br\/clc\/wp-json\/wp\/v2\/posts\/16793\/revisions"}],"predecessor-version":[{"id":16796,"href":"https:\/\/wp.ufpel.edu.br\/clc\/wp-json\/wp\/v2\/posts\/16793\/revisions\/16796"}],"wp:attachment":[{"href":"https:\/\/wp.ufpel.edu.br\/clc\/wp-json\/wp\/v2\/media?parent=16793"}],"wp:term":[{"taxonomy":"category","embeddable":true,"href":"https:\/\/wp.ufpel.edu.br\/clc\/wp-json\/wp\/v2\/categories?post=16793"},{"taxonomy":"post_tag","embeddable":true,"href":"https:\/\/wp.ufpel.edu.br\/clc\/wp-json\/wp\/v2\/tags?post=16793"}],"curies":[{"name":"wp","href":"https:\/\/api.w.org\/{rel}","templated":true}]}}