{"id":1676,"date":"2013-08-15T13:58:05","date_gmt":"2013-08-15T16:58:05","guid":{"rendered":"https:\/\/wp.ufpel.edu.br\/clc\/?p=1676"},"modified":"2017-06-02T18:44:24","modified_gmt":"2017-06-02T21:44:24","slug":"jornalismo-divulga-edital-de-auxilio-para-participacao-de-estudantes-em-eventos","status":"publish","type":"post","link":"https:\/\/wp.ufpel.edu.br\/clc\/2013\/08\/15\/jornalismo-divulga-edital-de-auxilio-para-participacao-de-estudantes-em-eventos\/","title":{"rendered":"Jornalismo divulga edital de aux\u00edlio para participa\u00e7\u00e3o de estudantes em eventos"},"content":{"rendered":"<p>O Colegiado do Curso de Jornalismo do Centro de Letras e Comunica\u00e7\u00e3o divulga a abertura de edital de aux\u00edlio para que estudantes \u00a0matriculados no Curso de Jornalismo\u00a0participem de eventos com verba da UGR do CLC. O per\u00edodo de inscri\u00e7\u00f5es vai de 14 a 26 de agosto de 2013.\u00a0O Edital prev\u00ea aux\u00edlio para participa\u00e7\u00e3o de discentes em eventos relacionados \u00e0 sua forma\u00e7\u00e3o e no per\u00edodo entres os meses de setembro e novembro de 2013.<\/p>\n<p>Os recursos ser\u00e3o oriundos do Colegiado do Curso de Jornalismo, correspondentes a 25% do total da verba para eventos provenientes de UGR do Colegiado de Curso. Podem ser requeridos aux\u00edlios para passagem e\/ou estadia e\/ou inscri\u00e7\u00e3o no evento. O Colegiado poder\u00e1 decidir, a seu crit\u00e9rio, pelo atendimento integral ou parcial da solicita\u00e7\u00e3o, de acordo com os recursos dispon\u00edveis.<\/p>\n<p>Para participar, o estudante deve estar matriculado no Curso de Jornalismo do Centro de Letras e Comunica\u00e7\u00e3o; apresentar trabalho no evento para o qual est\u00e1 solicitando o recurso; apresentar a carta de aceite do trabalho ou comprovante de envio de submiss\u00e3o do resumo e entregar formul\u00e1rio de solicita\u00e7\u00e3o de aux\u00edlio preenchido (anexo ao Edital).<\/p>\n<p>No ato da inscri\u00e7\u00e3o, os candidatos devem entregar a\u00a0ficha de inscri\u00e7\u00e3o preenchida,\u00a0comprovante de matr\u00edcula,\u00a0hist\u00f3rico escolar atualizado,\u00a0resumo do trabalho e\u00a0carta de aceite ou comprovante do envio do resumo, na Secretaria dos Colegiados, rua Gomes Carneiro, n\u00ba 1, sala 107. \u00a0A avalia\u00e7\u00e3o das propostas ser\u00e1 feita pelo Colegiado no dia 27 de agosto, e os resultados divulgados no mesmo dia no site do CLC.<\/p>\n<p>Confira no link abaixo o edital e o formul\u00e1rio para inscri\u00e7\u00e3o.<\/p>\n<p><a href=\"https:\/\/wp.ufpel.edu.br\/clc\/files\/2013\/08\/Edital-aux\u00edlio-viagem-alunos-14-08-2013.doc\">Edital-aux\u00edlio-viagem-alunos-14-08-2013<\/a><\/p>\n<p>&nbsp;<\/p>\n","protected":false},"excerpt":{"rendered":"<p>O Colegiado do Curso de Jornalismo do Centro de Letras e Comunica\u00e7\u00e3o divulga a abertura de edital de aux\u00edlio para que estudantes \u00a0matriculados no Curso de Jornalismo\u00a0participem de eventos com verba da UGR do CLC. O per\u00edodo de inscri\u00e7\u00f5es vai &hellip; <a href=\"https:\/\/wp.ufpel.edu.br\/clc\/2013\/08\/15\/jornalismo-divulga-edital-de-auxilio-para-participacao-de-estudantes-em-eventos\/\">Continue lendo <span class=\"meta-nav\">&rarr;<\/span><\/a><\/p>\n","protected":false},"author":50,"featured_media":0,"comment_status":"closed","ping_status":"open","sticky":false,"template":"","format":"standard","meta":{"footnotes":""},"categories":[33385,1],"tags":[],"class_list":["post-1676","post","type-post","status-publish","format-standard","hentry","category-editais-e-resultados","category-notcias"],"jetpack_featured_media_url":"","_links":{"self":[{"href":"https:\/\/wp.ufpel.edu.br\/clc\/wp-json\/wp\/v2\/posts\/1676","targetHints":{"allow":["GET"]}}],"collection":[{"href":"https:\/\/wp.ufpel.edu.br\/clc\/wp-json\/wp\/v2\/posts"}],"about":[{"href":"https:\/\/wp.ufpel.edu.br\/clc\/wp-json\/wp\/v2\/types\/post"}],"author":[{"embeddable":true,"href":"https:\/\/wp.ufpel.edu.br\/clc\/wp-json\/wp\/v2\/users\/50"}],"replies":[{"embeddable":true,"href":"https:\/\/wp.ufpel.edu.br\/clc\/wp-json\/wp\/v2\/comments?post=1676"}],"version-history":[{"count":1,"href":"https:\/\/wp.ufpel.edu.br\/clc\/wp-json\/wp\/v2\/posts\/1676\/revisions"}],"predecessor-version":[{"id":1679,"href":"https:\/\/wp.ufpel.edu.br\/clc\/wp-json\/wp\/v2\/posts\/1676\/revisions\/1679"}],"wp:attachment":[{"href":"https:\/\/wp.ufpel.edu.br\/clc\/wp-json\/wp\/v2\/media?parent=1676"}],"wp:term":[{"taxonomy":"category","embeddable":true,"href":"https:\/\/wp.ufpel.edu.br\/clc\/wp-json\/wp\/v2\/categories?post=1676"},{"taxonomy":"post_tag","embeddable":true,"href":"https:\/\/wp.ufpel.edu.br\/clc\/wp-json\/wp\/v2\/tags?post=1676"}],"curies":[{"name":"wp","href":"https:\/\/api.w.org\/{rel}","templated":true}]}}