{"id":1672,"date":"2013-08-15T13:58:31","date_gmt":"2013-08-15T16:58:31","guid":{"rendered":"https:\/\/wp.ufpel.edu.br\/clc\/?p=1672"},"modified":"2013-08-15T13:58:31","modified_gmt":"2013-08-15T16:58:31","slug":"caext-entrega-atestados-de-proficiencia","status":"publish","type":"post","link":"https:\/\/wp.ufpel.edu.br\/clc\/2013\/08\/15\/caext-entrega-atestados-de-proficiencia\/","title":{"rendered":"CaExt divulga entrega de atestados de profici\u00eancia"},"content":{"rendered":"<p>A C\u00e2mara de Extens\u00e3o do Centro de Letras e Comunica\u00e7\u00e3o informa que os atestados de profici\u00eancia solicitados por e-mail, referentes \u00e0 prova realizada no dia 26 de maio de 2013 j\u00e1 est\u00e3o prontos. Os certificados devem ser retirados na C\u00e2mara de Extens\u00e3o do Centro de Letras e Comunica\u00e7\u00e3o, na sala 102 do campus Porto.<\/p>\n<p>Para que o atestado seja retirado por outra pessoa, \u00e9 necess\u00e1rio emitir autoriza\u00e7\u00e3o por escrito, com assinatura. Aqueles que ainda n\u00e3o enviaram uma solicita\u00e7\u00e3o podem faz\u00ea-lo pelo endere\u00e7o caext@hotmail.com. Os atestados ficam prontos no prazo de uma semana.<\/p>\n","protected":false},"excerpt":{"rendered":"<p>A C\u00e2mara de Extens\u00e3o do Centro de Letras e Comunica\u00e7\u00e3o informa que os atestados de profici\u00eancia solicitados por e-mail, referentes \u00e0 prova realizada no dia 26 de maio de 2013 j\u00e1 est\u00e3o prontos. Os certificados devem ser retirados na C\u00e2mara &hellip; <a href=\"https:\/\/wp.ufpel.edu.br\/clc\/2013\/08\/15\/caext-entrega-atestados-de-proficiencia\/\">Continue lendo <span class=\"meta-nav\">&rarr;<\/span><\/a><\/p>\n","protected":false},"author":50,"featured_media":0,"comment_status":"closed","ping_status":"open","sticky":false,"template":"","format":"standard","meta":{"footnotes":""},"categories":[33373],"tags":[],"class_list":["post-1672","post","type-post","status-publish","format-standard","hentry","category-avisos"],"jetpack_featured_media_url":"","_links":{"self":[{"href":"https:\/\/wp.ufpel.edu.br\/clc\/wp-json\/wp\/v2\/posts\/1672","targetHints":{"allow":["GET"]}}],"collection":[{"href":"https:\/\/wp.ufpel.edu.br\/clc\/wp-json\/wp\/v2\/posts"}],"about":[{"href":"https:\/\/wp.ufpel.edu.br\/clc\/wp-json\/wp\/v2\/types\/post"}],"author":[{"embeddable":true,"href":"https:\/\/wp.ufpel.edu.br\/clc\/wp-json\/wp\/v2\/users\/50"}],"replies":[{"embeddable":true,"href":"https:\/\/wp.ufpel.edu.br\/clc\/wp-json\/wp\/v2\/comments?post=1672"}],"version-history":[{"count":2,"href":"https:\/\/wp.ufpel.edu.br\/clc\/wp-json\/wp\/v2\/posts\/1672\/revisions"}],"predecessor-version":[{"id":1681,"href":"https:\/\/wp.ufpel.edu.br\/clc\/wp-json\/wp\/v2\/posts\/1672\/revisions\/1681"}],"wp:attachment":[{"href":"https:\/\/wp.ufpel.edu.br\/clc\/wp-json\/wp\/v2\/media?parent=1672"}],"wp:term":[{"taxonomy":"category","embeddable":true,"href":"https:\/\/wp.ufpel.edu.br\/clc\/wp-json\/wp\/v2\/categories?post=1672"},{"taxonomy":"post_tag","embeddable":true,"href":"https:\/\/wp.ufpel.edu.br\/clc\/wp-json\/wp\/v2\/tags?post=1672"}],"curies":[{"name":"wp","href":"https:\/\/api.w.org\/{rel}","templated":true}]}}