{"id":16336,"date":"2024-03-04T10:08:17","date_gmt":"2024-03-04T13:08:17","guid":{"rendered":"https:\/\/wp.ufpel.edu.br\/clc\/?p=16336"},"modified":"2024-03-04T10:49:42","modified_gmt":"2024-03-04T13:49:42","slug":"nota-de-pesar-elton-luiz-vergara-nunes","status":"publish","type":"post","link":"https:\/\/wp.ufpel.edu.br\/clc\/2024\/03\/04\/nota-de-pesar-elton-luiz-vergara-nunes\/","title":{"rendered":"Nota de pesar &#8211; Elton Luiz Vergara Nunes"},"content":{"rendered":"<p style=\"font-weight: 400; text-align: justify;\"><a href=\"https:\/\/wp.ufpel.edu.br\/clc\/files\/2024\/03\/327010847_868173727764318_8204667598381049981_n.jpg\"><img loading=\"lazy\" decoding=\"async\" class=\"size-full wp-image-16338 alignleft\" src=\"https:\/\/wp.ufpel.edu.br\/clc\/files\/2024\/03\/327010847_868173727764318_8204667598381049981_n.jpg\" alt=\"\" width=\"242\" height=\"245\" srcset=\"https:\/\/wp.ufpel.edu.br\/clc\/files\/2024\/03\/327010847_868173727764318_8204667598381049981_n.jpg 242w, https:\/\/wp.ufpel.edu.br\/clc\/files\/2024\/03\/327010847_868173727764318_8204667598381049981_n-157x159.jpg 157w\" sizes=\"auto, (max-width: 242px) 100vw, 242px\" \/><\/a>\u00c9 com tristeza que o Centro de Letras e Comunica\u00e7\u00e3o comunica o falecimento do colega aposentado professor Elton Luiz Vergara Nunes, docente por muito anos na \u00e1rea de Espanhol. O CLC manifesta os sentimentos \u00e0 fam\u00edlia e amigos nesse momento de profunda tristeza e destaca que a lembran\u00e7a de Elton ficar\u00e1 marcada pelo CLC.<\/p>\n<p style=\"font-weight: 400; text-align: justify;\">O vel\u00f3rio ocorrer\u00e1 hoje, 04 de fevereiro, das 13h \u00e0s 17h na Paroquia da Sant\u00edssima Trindade, Avenida Duque de Caxias, 991.<\/p>\n","protected":false},"excerpt":{"rendered":"<p>\u00c9 com tristeza que o Centro de Letras e Comunica\u00e7\u00e3o comunica o falecimento do colega aposentado professor Elton Luiz Vergara Nunes, docente por muito anos na \u00e1rea de Espanhol. O CLC manifesta os sentimentos \u00e0 fam\u00edlia e amigos nesse momento &hellip; <a href=\"https:\/\/wp.ufpel.edu.br\/clc\/2024\/03\/04\/nota-de-pesar-elton-luiz-vergara-nunes\/\">Continue lendo <span class=\"meta-nav\">&rarr;<\/span><\/a><\/p>\n","protected":false},"author":50,"featured_media":0,"comment_status":"closed","ping_status":"closed","sticky":false,"template":"","format":"standard","meta":{"footnotes":""},"categories":[1],"tags":[],"class_list":["post-16336","post","type-post","status-publish","format-standard","hentry","category-notcias"],"jetpack_featured_media_url":"","_links":{"self":[{"href":"https:\/\/wp.ufpel.edu.br\/clc\/wp-json\/wp\/v2\/posts\/16336","targetHints":{"allow":["GET"]}}],"collection":[{"href":"https:\/\/wp.ufpel.edu.br\/clc\/wp-json\/wp\/v2\/posts"}],"about":[{"href":"https:\/\/wp.ufpel.edu.br\/clc\/wp-json\/wp\/v2\/types\/post"}],"author":[{"embeddable":true,"href":"https:\/\/wp.ufpel.edu.br\/clc\/wp-json\/wp\/v2\/users\/50"}],"replies":[{"embeddable":true,"href":"https:\/\/wp.ufpel.edu.br\/clc\/wp-json\/wp\/v2\/comments?post=16336"}],"version-history":[{"count":3,"href":"https:\/\/wp.ufpel.edu.br\/clc\/wp-json\/wp\/v2\/posts\/16336\/revisions"}],"predecessor-version":[{"id":16341,"href":"https:\/\/wp.ufpel.edu.br\/clc\/wp-json\/wp\/v2\/posts\/16336\/revisions\/16341"}],"wp:attachment":[{"href":"https:\/\/wp.ufpel.edu.br\/clc\/wp-json\/wp\/v2\/media?parent=16336"}],"wp:term":[{"taxonomy":"category","embeddable":true,"href":"https:\/\/wp.ufpel.edu.br\/clc\/wp-json\/wp\/v2\/categories?post=16336"},{"taxonomy":"post_tag","embeddable":true,"href":"https:\/\/wp.ufpel.edu.br\/clc\/wp-json\/wp\/v2\/tags?post=16336"}],"curies":[{"name":"wp","href":"https:\/\/api.w.org\/{rel}","templated":true}]}}