{"id":15943,"date":"2023-11-13T11:51:19","date_gmt":"2023-11-13T14:51:19","guid":{"rendered":"https:\/\/wp.ufpel.edu.br\/clc\/?p=15943"},"modified":"2023-11-13T11:51:19","modified_gmt":"2023-11-13T14:51:19","slug":"aberta-as-inscricoes-para-o-curso-introducao-a-leitura-em-lingua-francesa","status":"publish","type":"post","link":"https:\/\/wp.ufpel.edu.br\/clc\/2023\/11\/13\/aberta-as-inscricoes-para-o-curso-introducao-a-leitura-em-lingua-francesa\/","title":{"rendered":"Aberta as inscri\u00e7\u00f5es para o curso &#8220;Introdu\u00e7\u00e3o \u00e0 leitura em l\u00edngua francesa&#8221;"},"content":{"rendered":"<p><a href=\"https:\/\/wp.ufpel.edu.br\/clc\/files\/2023\/11\/IMG-20231113-WA0007.jpg\"><img loading=\"lazy\" decoding=\"async\" class=\"size-full wp-image-15945 alignleft\" src=\"https:\/\/wp.ufpel.edu.br\/clc\/files\/2023\/11\/IMG-20231113-WA0007.jpg\" alt=\"\" width=\"1080\" height=\"1080\" data-wp-editing=\"1\" srcset=\"https:\/\/wp.ufpel.edu.br\/clc\/files\/2023\/11\/IMG-20231113-WA0007.jpg 1080w, https:\/\/wp.ufpel.edu.br\/clc\/files\/2023\/11\/IMG-20231113-WA0007-318x318.jpg 318w, https:\/\/wp.ufpel.edu.br\/clc\/files\/2023\/11\/IMG-20231113-WA0007-159x159.jpg 159w, https:\/\/wp.ufpel.edu.br\/clc\/files\/2023\/11\/IMG-20231113-WA0007-768x768.jpg 768w\" sizes=\"auto, (max-width: 1080px) 100vw, 1080px\" \/><\/a><\/p>\n<p dir=\"auto\" style=\"text-align: justify;\">A turma de Ensino de L\u00edngua Francesa Instrumental anuncia o curso de introdu\u00e7\u00e3o \u00e0 leitura em l\u00edngua francesa. As aulas ocorrer\u00e3o toda segunda-feira, das 9h \u00e0s 11h, com in\u00edcio no dia 27\/11 na UFPel, campus Anglo. Ser\u00e3o 20 vagas preenchidas por ordem de inscri\u00e7\u00e3o! Certificado mediante 75% de presen\u00e7a. O per\u00edodo de inscri\u00e7\u00e3o \u00e9 de 13 de novembro \u00e0 21 de novembro. Aten\u00e7\u00e3o: O inscrito que faltar a primeira aula perder\u00e1 a vaga.<\/p>\n<p dir=\"auto\" style=\"text-align: justify;\">Inscri\u00e7\u00f5es: <a href=\"https:\/\/docs.google.com\/forms\/d\/e\/1FAIpQLSfk_zzLRs5taQTOJzZBbiydnTtjGcvU8FhxFY5ew7opkaBVGg\/viewform?usp=sf_link\">Curso de Franc\u00eas Instrumental<\/a><\/p>\n","protected":false},"excerpt":{"rendered":"<p>A turma de Ensino de L\u00edngua Francesa Instrumental anuncia o curso de introdu\u00e7\u00e3o \u00e0 leitura em l\u00edngua francesa. As aulas ocorrer\u00e3o toda segunda-feira, das 9h \u00e0s 11h, com in\u00edcio no dia 27\/11 na UFPel, campus Anglo. Ser\u00e3o 20 vagas preenchidas &hellip; <a href=\"https:\/\/wp.ufpel.edu.br\/clc\/2023\/11\/13\/aberta-as-inscricoes-para-o-curso-introducao-a-leitura-em-lingua-francesa\/\">Continue lendo <span class=\"meta-nav\">&rarr;<\/span><\/a><\/p>\n","protected":false},"author":50,"featured_media":0,"comment_status":"closed","ping_status":"closed","sticky":false,"template":"","format":"standard","meta":{"footnotes":""},"categories":[33383,33391,33392,1],"tags":[],"class_list":["post-15943","post","type-post","status-publish","format-standard","hentry","category-abertos-a-comunidade","category-alunos","category-cursos","category-notcias"],"jetpack_featured_media_url":"","_links":{"self":[{"href":"https:\/\/wp.ufpel.edu.br\/clc\/wp-json\/wp\/v2\/posts\/15943","targetHints":{"allow":["GET"]}}],"collection":[{"href":"https:\/\/wp.ufpel.edu.br\/clc\/wp-json\/wp\/v2\/posts"}],"about":[{"href":"https:\/\/wp.ufpel.edu.br\/clc\/wp-json\/wp\/v2\/types\/post"}],"author":[{"embeddable":true,"href":"https:\/\/wp.ufpel.edu.br\/clc\/wp-json\/wp\/v2\/users\/50"}],"replies":[{"embeddable":true,"href":"https:\/\/wp.ufpel.edu.br\/clc\/wp-json\/wp\/v2\/comments?post=15943"}],"version-history":[{"count":1,"href":"https:\/\/wp.ufpel.edu.br\/clc\/wp-json\/wp\/v2\/posts\/15943\/revisions"}],"predecessor-version":[{"id":15946,"href":"https:\/\/wp.ufpel.edu.br\/clc\/wp-json\/wp\/v2\/posts\/15943\/revisions\/15946"}],"wp:attachment":[{"href":"https:\/\/wp.ufpel.edu.br\/clc\/wp-json\/wp\/v2\/media?parent=15943"}],"wp:term":[{"taxonomy":"category","embeddable":true,"href":"https:\/\/wp.ufpel.edu.br\/clc\/wp-json\/wp\/v2\/categories?post=15943"},{"taxonomy":"post_tag","embeddable":true,"href":"https:\/\/wp.ufpel.edu.br\/clc\/wp-json\/wp\/v2\/tags?post=15943"}],"curies":[{"name":"wp","href":"https:\/\/api.w.org\/{rel}","templated":true}]}}