{"id":15931,"date":"2023-11-13T10:02:58","date_gmt":"2023-11-13T13:02:58","guid":{"rendered":"https:\/\/wp.ufpel.edu.br\/clc\/?p=15931"},"modified":"2023-11-13T10:02:58","modified_gmt":"2023-11-13T13:02:58","slug":"ppe-convida-para-o-minicurso-cultura-brasileira-samba-no-ppe","status":"publish","type":"post","link":"https:\/\/wp.ufpel.edu.br\/clc\/2023\/11\/13\/ppe-convida-para-o-minicurso-cultura-brasileira-samba-no-ppe\/","title":{"rendered":"PPE convida para o minicurso &#8220;Cultura Brasileira: samba no PPE&#8221;"},"content":{"rendered":"<p style=\"text-align: justify;\"><a href=\"https:\/\/wp.ufpel.edu.br\/clc\/files\/2023\/11\/samba-no-ppe.png\"><img loading=\"lazy\" decoding=\"async\" class=\"wp-image-15933 size-medium alignleft\" src=\"https:\/\/wp.ufpel.edu.br\/clc\/files\/2023\/11\/samba-no-ppe-318x318.png\" alt=\"\" width=\"318\" height=\"318\" srcset=\"https:\/\/wp.ufpel.edu.br\/clc\/files\/2023\/11\/samba-no-ppe-318x318.png 318w, https:\/\/wp.ufpel.edu.br\/clc\/files\/2023\/11\/samba-no-ppe-159x159.png 159w, https:\/\/wp.ufpel.edu.br\/clc\/files\/2023\/11\/samba-no-ppe-768x768.png 768w, https:\/\/wp.ufpel.edu.br\/clc\/files\/2023\/11\/samba-no-ppe.png 1080w\" sizes=\"auto, (max-width: 318px) 100vw, 318px\" \/><\/a>O Programa Portugu\u00eas para Estrangeiros (PPE) da Universidade Federal de Pelotas (UFPel) torna p\u00fablico que est\u00e3o abertas as inscri\u00e7\u00f5es para o mini curso de portugu\u00eas para estrangeiros <b>\u00a0&#8220;Cultura Brasileira: samba no PPE&#8221;<\/b>. O minicurso ter\u00e1 como tem\u00e1tica o g\u00eanero musical samba e ser\u00e1 composto por 3 encontros presenciais.<\/p>\n<ul style=\"text-align: justify;\">\n<li dir=\"ltr\">Datas: 28\/11, 05\/12 e 12\/12\/2023.<\/li>\n<li dir=\"ltr\">Hor\u00e1rio: das 18h \u00e0s 19h.<\/li>\n<li dir=\"ltr\">Local: sala 108 do campus Anglo (rua Gomes Carneiro, 01 &#8211; Pelotas\/RS).<\/li>\n<li dir=\"ltr\">Inscri\u00e7\u00f5es no link:\u00a0<a href=\"https:\/\/forms.gle\/KiyFmmzkWCbFDGnw8\" target=\"_blank\" rel=\"noopener\" data-saferedirecturl=\"https:\/\/www.google.com\/url?q=https:\/\/forms.gle\/KiyFmmzkWCbFDGnw8&amp;source=gmail&amp;ust=1699966390789000&amp;usg=AOvVaw2kmVylMYRH2BAUMAEhIOQr\">https:\/\/forms.gle\/<wbr \/>KiyFmmzkWCbFDGnw8<\/a><\/li>\n<li dir=\"ltr\">*O curso \u00e9 exclusivamente para estrangeiros.<\/li>\n<\/ul>\n<p dir=\"ltr\" style=\"text-align: justify;\">Havendo d\u00favidas, entre em contato com a equipe PPE pelo Instagram:\u00a0<a href=\"https:\/\/www.instagram.com\/ppe.ufpel\/\" target=\"_blank\" rel=\"noopener\" data-saferedirecturl=\"https:\/\/www.google.com\/url?q=https:\/\/www.instagram.com\/ppe.ufpel\/&amp;source=gmail&amp;ust=1699966390789000&amp;usg=AOvVaw1hA5vBif2_fZvDOERLkq2e\">@ppe.ufpel<\/a>\u00a0ou pelo e-mail:\u00a0<a href=\"mailto:ppe.clc.ufpel@gmail.com\" target=\"_blank\" rel=\"noopener\">ppe.clc.ufpel@gmail.com<\/a><\/p>\n","protected":false},"excerpt":{"rendered":"<p>O Programa Portugu\u00eas para Estrangeiros (PPE) da Universidade Federal de Pelotas (UFPel) torna p\u00fablico que est\u00e3o abertas as inscri\u00e7\u00f5es para o mini curso de portugu\u00eas para estrangeiros \u00a0&#8220;Cultura Brasileira: samba no PPE&#8221;. O minicurso ter\u00e1 como tem\u00e1tica o g\u00eanero musical &hellip; <a href=\"https:\/\/wp.ufpel.edu.br\/clc\/2023\/11\/13\/ppe-convida-para-o-minicurso-cultura-brasileira-samba-no-ppe\/\">Continue lendo <span class=\"meta-nav\">&rarr;<\/span><\/a><\/p>\n","protected":false},"author":50,"featured_media":0,"comment_status":"closed","ping_status":"closed","sticky":false,"template":"","format":"standard","meta":{"footnotes":""},"categories":[33391,33392,1,33401],"tags":[],"class_list":["post-15931","post","type-post","status-publish","format-standard","hentry","category-alunos","category-cursos","category-notcias","category-portugues-para-estrangeiros"],"jetpack_featured_media_url":"","_links":{"self":[{"href":"https:\/\/wp.ufpel.edu.br\/clc\/wp-json\/wp\/v2\/posts\/15931","targetHints":{"allow":["GET"]}}],"collection":[{"href":"https:\/\/wp.ufpel.edu.br\/clc\/wp-json\/wp\/v2\/posts"}],"about":[{"href":"https:\/\/wp.ufpel.edu.br\/clc\/wp-json\/wp\/v2\/types\/post"}],"author":[{"embeddable":true,"href":"https:\/\/wp.ufpel.edu.br\/clc\/wp-json\/wp\/v2\/users\/50"}],"replies":[{"embeddable":true,"href":"https:\/\/wp.ufpel.edu.br\/clc\/wp-json\/wp\/v2\/comments?post=15931"}],"version-history":[{"count":1,"href":"https:\/\/wp.ufpel.edu.br\/clc\/wp-json\/wp\/v2\/posts\/15931\/revisions"}],"predecessor-version":[{"id":15934,"href":"https:\/\/wp.ufpel.edu.br\/clc\/wp-json\/wp\/v2\/posts\/15931\/revisions\/15934"}],"wp:attachment":[{"href":"https:\/\/wp.ufpel.edu.br\/clc\/wp-json\/wp\/v2\/media?parent=15931"}],"wp:term":[{"taxonomy":"category","embeddable":true,"href":"https:\/\/wp.ufpel.edu.br\/clc\/wp-json\/wp\/v2\/categories?post=15931"},{"taxonomy":"post_tag","embeddable":true,"href":"https:\/\/wp.ufpel.edu.br\/clc\/wp-json\/wp\/v2\/tags?post=15931"}],"curies":[{"name":"wp","href":"https:\/\/api.w.org\/{rel}","templated":true}]}}