{"id":15928,"date":"2023-11-10T14:51:20","date_gmt":"2023-11-10T17:51:20","guid":{"rendered":"https:\/\/wp.ufpel.edu.br\/clc\/?p=15928"},"modified":"2023-11-10T14:51:20","modified_gmt":"2023-11-10T17:51:20","slug":"rede-isf-divulga-oferta-de-curso-em-lingua-alema","status":"publish","type":"post","link":"https:\/\/wp.ufpel.edu.br\/clc\/2023\/11\/10\/rede-isf-divulga-oferta-de-curso-em-lingua-alema\/","title":{"rendered":"Rede IsF divulga oferta de curso em L\u00edngua Alem\u00e3"},"content":{"rendered":"<p dir=\"ltr\" style=\"text-align: justify;\">A Rede Idiomas sem Fronteiras da UFPel est\u00e1 com oferta de curso em L\u00edngua Alem\u00e3 \u201cAlem\u00e3o Instrumental para fins de leitura (A1)<b>&#8220;<\/b>, com in\u00edcio no m\u00eas de novembro. O per\u00edodo de inscri\u00e7\u00e3o vai at\u00e9 o dia 15 de novembro, e a lista de selecionados ser\u00e1 divulgada no dia 16\/11.<\/p>\n<p dir=\"ltr\" style=\"text-align: justify;\"><strong>Mais informa\u00e7\u00f5es:<\/strong><\/p>\n<div><\/div>\n<ul>\n<li>N\u00edvel: A1;<\/li>\n<li>Tipo de Oferta: Online &#8211; Remoto;<\/li>\n<li>Carga hor\u00e1ria: 16 horas;<\/li>\n<li>N\u00famero de vagas: 20 vagas;<\/li>\n<li>In\u00edcio: 17 de novembro de 2023;<\/li>\n<li>Fim: 12 de dezembro de 2023;<\/li>\n<li>Hor\u00e1rio: Segundas e Sextas, das 19h \u00e0s 21h;<\/li>\n<li>Professores: Mark Kruger Lutz e B\u00e1rbara de Lima Sobral.<\/li>\n<li>Inscri\u00e7\u00f5es: <a href=\"https:\/\/forms.office.com\/r\/cBFnACC6Lk\" target=\"_blank\" rel=\"noopener\" data-saferedirecturl=\"https:\/\/www.google.com\/url?q=https:\/\/forms.office.com\/r\/cBFnACC6Lk&amp;source=gmail&amp;ust=1699723946834000&amp;usg=AOvVaw3UXlUwidnjSVdGd6oDcsp0\">https:\/\/forms.office.com\/r\/<wbr \/>cBFnACC6Lk<\/a><\/li>\n<\/ul>\n<div>Os interessados no curso tamb\u00e9m podem entrar em contato pelo Instagram @isf.ufpel ou pelo e-mail <a href=\"https:\/\/forms.office.com\/r\/myvjnCgZsS\" target=\"_blank\" rel=\"noopener\">nucli.ufpel@programaisf.pro.<wbr \/>br<\/a><\/div>\n","protected":false},"excerpt":{"rendered":"<p>A Rede Idiomas sem Fronteiras da UFPel est\u00e1 com oferta de curso em L\u00edngua Alem\u00e3 \u201cAlem\u00e3o Instrumental para fins de leitura (A1)&#8220;, com in\u00edcio no m\u00eas de novembro. O per\u00edodo de inscri\u00e7\u00e3o vai at\u00e9 o dia 15 de novembro, e &hellip; <a href=\"https:\/\/wp.ufpel.edu.br\/clc\/2023\/11\/10\/rede-isf-divulga-oferta-de-curso-em-lingua-alema\/\">Continue lendo <span class=\"meta-nav\">&rarr;<\/span><\/a><\/p>\n","protected":false},"author":50,"featured_media":0,"comment_status":"closed","ping_status":"closed","sticky":false,"template":"","format":"standard","meta":{"footnotes":""},"categories":[33391,33392,33399,1],"tags":[],"class_list":["post-15928","post","type-post","status-publish","format-standard","hentry","category-alunos","category-cursos","category-idiomas-sem-fronteiras-isf","category-notcias"],"jetpack_featured_media_url":"","_links":{"self":[{"href":"https:\/\/wp.ufpel.edu.br\/clc\/wp-json\/wp\/v2\/posts\/15928","targetHints":{"allow":["GET"]}}],"collection":[{"href":"https:\/\/wp.ufpel.edu.br\/clc\/wp-json\/wp\/v2\/posts"}],"about":[{"href":"https:\/\/wp.ufpel.edu.br\/clc\/wp-json\/wp\/v2\/types\/post"}],"author":[{"embeddable":true,"href":"https:\/\/wp.ufpel.edu.br\/clc\/wp-json\/wp\/v2\/users\/50"}],"replies":[{"embeddable":true,"href":"https:\/\/wp.ufpel.edu.br\/clc\/wp-json\/wp\/v2\/comments?post=15928"}],"version-history":[{"count":1,"href":"https:\/\/wp.ufpel.edu.br\/clc\/wp-json\/wp\/v2\/posts\/15928\/revisions"}],"predecessor-version":[{"id":15930,"href":"https:\/\/wp.ufpel.edu.br\/clc\/wp-json\/wp\/v2\/posts\/15928\/revisions\/15930"}],"wp:attachment":[{"href":"https:\/\/wp.ufpel.edu.br\/clc\/wp-json\/wp\/v2\/media?parent=15928"}],"wp:term":[{"taxonomy":"category","embeddable":true,"href":"https:\/\/wp.ufpel.edu.br\/clc\/wp-json\/wp\/v2\/categories?post=15928"},{"taxonomy":"post_tag","embeddable":true,"href":"https:\/\/wp.ufpel.edu.br\/clc\/wp-json\/wp\/v2\/tags?post=15928"}],"curies":[{"name":"wp","href":"https:\/\/api.w.org\/{rel}","templated":true}]}}