{"id":15923,"date":"2023-11-09T15:10:47","date_gmt":"2023-11-09T18:10:47","guid":{"rendered":"https:\/\/wp.ufpel.edu.br\/clc\/?p=15923"},"modified":"2023-11-09T15:10:47","modified_gmt":"2023-11-09T18:10:47","slug":"grupo-letras-de-lei-divulga-selecao-de-estudantes-voluntarios","status":"publish","type":"post","link":"https:\/\/wp.ufpel.edu.br\/clc\/2023\/11\/09\/grupo-letras-de-lei-divulga-selecao-de-estudantes-voluntarios\/","title":{"rendered":"Grupo Letras (d)e Lei divulga sele\u00e7\u00e3o de estudantes volunt\u00e1rios"},"content":{"rendered":"<p><a href=\"https:\/\/wp.ufpel.edu.br\/clc\/files\/2023\/11\/399917867_373009575073880_8104269165264249415_n.jpeg\"><img loading=\"lazy\" decoding=\"async\" class=\"alignleft wp-image-15925 size-medium\" src=\"https:\/\/wp.ufpel.edu.br\/clc\/files\/2023\/11\/399917867_373009575073880_8104269165264249415_n-318x318.jpeg\" alt=\"\" width=\"318\" height=\"318\" srcset=\"https:\/\/wp.ufpel.edu.br\/clc\/files\/2023\/11\/399917867_373009575073880_8104269165264249415_n-318x318.jpeg 318w, https:\/\/wp.ufpel.edu.br\/clc\/files\/2023\/11\/399917867_373009575073880_8104269165264249415_n-159x159.jpeg 159w, https:\/\/wp.ufpel.edu.br\/clc\/files\/2023\/11\/399917867_373009575073880_8104269165264249415_n-768x768.jpeg 768w, https:\/\/wp.ufpel.edu.br\/clc\/files\/2023\/11\/399917867_373009575073880_8104269165264249415_n.jpeg 1080w\" sizes=\"auto, (max-width: 318px) 100vw, 318px\" \/><\/a><\/p>\n<p style=\"text-align: justify;\">O Grupo Letras (d)e Lei, coordenado pela Profa. Jael S. Sigales Gon\u00e7alves, seleciona estudantes volunt\u00e1rios. O projeto \u00e9 um grupo da UFPel, cadastrado no CNPq, voltado\u00a0 a a\u00e7\u00f5es de ensino, pesquisa e extens\u00e3o na interface entre Lingu\u00edstica e Direito. Para participar do projeto \u00e9 necess\u00e1rio ser estudante de gradua\u00e7\u00e3o da UFPel, enviar um e-mail para: jael.goncalves@ufpel.edu.br com os seguintes dados:<\/p>\n<ul>\n<li style=\"text-align: justify;\"><strong>Assunto do e-mail<\/strong>: Letras (d)e Lei &#8211; estudante volunt\u00e1rio (a);<\/li>\n<li style=\"text-align: justify;\"><strong>Conte\u00fado do e-mail<\/strong>: indicar nome completo, curso, n\u00famero de matr\u00edcula e motiva\u00e7\u00e3o para participar do grupo;<\/li>\n<li style=\"text-align: justify;\"><strong>Prazo para inscri\u00e7\u00e3o<\/strong>: 17\/11;<\/li>\n<li style=\"text-align: justify;\"><strong>Forma de sele\u00e7\u00e3o<\/strong>: Entrevista &#8211; ser\u00e3o considerados o interesse do estudante nas tem\u00e1ticas abordadas no grupo e a disponibilidade de tempo para as atividades.<\/li>\n<\/ul>\n","protected":false},"excerpt":{"rendered":"<p>O Grupo Letras (d)e Lei, coordenado pela Profa. Jael S. Sigales Gon\u00e7alves, seleciona estudantes volunt\u00e1rios. O projeto \u00e9 um grupo da UFPel, cadastrado no CNPq, voltado\u00a0 a a\u00e7\u00f5es de ensino, pesquisa e extens\u00e3o na interface entre Lingu\u00edstica e Direito. Para &hellip; <a href=\"https:\/\/wp.ufpel.edu.br\/clc\/2023\/11\/09\/grupo-letras-de-lei-divulga-selecao-de-estudantes-voluntarios\/\">Continue lendo <span class=\"meta-nav\">&rarr;<\/span><\/a><\/p>\n","protected":false},"author":50,"featured_media":0,"comment_status":"closed","ping_status":"closed","sticky":false,"template":"","format":"standard","meta":{"footnotes":""},"categories":[33391,1],"tags":[],"class_list":["post-15923","post","type-post","status-publish","format-standard","hentry","category-alunos","category-notcias"],"jetpack_featured_media_url":"","_links":{"self":[{"href":"https:\/\/wp.ufpel.edu.br\/clc\/wp-json\/wp\/v2\/posts\/15923","targetHints":{"allow":["GET"]}}],"collection":[{"href":"https:\/\/wp.ufpel.edu.br\/clc\/wp-json\/wp\/v2\/posts"}],"about":[{"href":"https:\/\/wp.ufpel.edu.br\/clc\/wp-json\/wp\/v2\/types\/post"}],"author":[{"embeddable":true,"href":"https:\/\/wp.ufpel.edu.br\/clc\/wp-json\/wp\/v2\/users\/50"}],"replies":[{"embeddable":true,"href":"https:\/\/wp.ufpel.edu.br\/clc\/wp-json\/wp\/v2\/comments?post=15923"}],"version-history":[{"count":2,"href":"https:\/\/wp.ufpel.edu.br\/clc\/wp-json\/wp\/v2\/posts\/15923\/revisions"}],"predecessor-version":[{"id":15927,"href":"https:\/\/wp.ufpel.edu.br\/clc\/wp-json\/wp\/v2\/posts\/15923\/revisions\/15927"}],"wp:attachment":[{"href":"https:\/\/wp.ufpel.edu.br\/clc\/wp-json\/wp\/v2\/media?parent=15923"}],"wp:term":[{"taxonomy":"category","embeddable":true,"href":"https:\/\/wp.ufpel.edu.br\/clc\/wp-json\/wp\/v2\/categories?post=15923"},{"taxonomy":"post_tag","embeddable":true,"href":"https:\/\/wp.ufpel.edu.br\/clc\/wp-json\/wp\/v2\/tags?post=15923"}],"curies":[{"name":"wp","href":"https:\/\/api.w.org\/{rel}","templated":true}]}}