{"id":15828,"date":"2023-10-22T08:00:54","date_gmt":"2023-10-22T11:00:54","guid":{"rendered":"https:\/\/wp.ufpel.edu.br\/clc\/?p=15828"},"modified":"2023-10-18T14:47:40","modified_gmt":"2023-10-18T17:47:40","slug":"boas-vindas-a-comunidade-clc-6","status":"publish","type":"post","link":"https:\/\/wp.ufpel.edu.br\/clc\/2023\/10\/22\/boas-vindas-a-comunidade-clc-6\/","title":{"rendered":"Boas-vindas \u00e0 comunidade CLC!"},"content":{"rendered":"<p><img loading=\"lazy\" decoding=\"async\" class=\"aligncenter size-full wp-image-15830\" src=\"https:\/\/wp.ufpel.edu.br\/clc\/files\/2023\/10\/IMG-20231017-WA0018.jpg\" alt=\"\" width=\"1080\" height=\"1350\" srcset=\"https:\/\/wp.ufpel.edu.br\/clc\/files\/2023\/10\/IMG-20231017-WA0018.jpg 1080w, https:\/\/wp.ufpel.edu.br\/clc\/files\/2023\/10\/IMG-20231017-WA0018-254x318.jpg 254w, https:\/\/wp.ufpel.edu.br\/clc\/files\/2023\/10\/IMG-20231017-WA0018-127x159.jpg 127w, https:\/\/wp.ufpel.edu.br\/clc\/files\/2023\/10\/IMG-20231017-WA0018-768x960.jpg 768w\" sizes=\"auto, (max-width: 1080px) 100vw, 1080px\" \/><\/p>\n<p style=\"text-align: justify;\">\u00c9 hora de rever amigos e professores! O semestre de 2023\/2 ter\u00e1 in\u00edcio nesta segunda-feira, 23 de outubro. O Centro de Letras e Comunica\u00e7\u00e3o deseja um \u00f3timo retorno \u00e0s salas de aulas. Contem com o apoio e a parceria do CLC para iniciar o pr\u00f3ximo semestre!<\/p>\n","protected":false},"excerpt":{"rendered":"<p>\u00c9 hora de rever amigos e professores! O semestre de 2023\/2 ter\u00e1 in\u00edcio nesta segunda-feira, 23 de outubro. O Centro de Letras e Comunica\u00e7\u00e3o deseja um \u00f3timo retorno \u00e0s salas de aulas. Contem com o apoio e a parceria do &hellip; <a href=\"https:\/\/wp.ufpel.edu.br\/clc\/2023\/10\/22\/boas-vindas-a-comunidade-clc-6\/\">Continue lendo <span class=\"meta-nav\">&rarr;<\/span><\/a><\/p>\n","protected":false},"author":50,"featured_media":0,"comment_status":"closed","ping_status":"closed","sticky":false,"template":"","format":"standard","meta":{"footnotes":""},"categories":[33391,33373,33387,1],"tags":[],"class_list":["post-15828","post","type-post","status-publish","format-standard","hentry","category-alunos","category-avisos","category-direcao","category-notcias"],"jetpack_featured_media_url":"","_links":{"self":[{"href":"https:\/\/wp.ufpel.edu.br\/clc\/wp-json\/wp\/v2\/posts\/15828","targetHints":{"allow":["GET"]}}],"collection":[{"href":"https:\/\/wp.ufpel.edu.br\/clc\/wp-json\/wp\/v2\/posts"}],"about":[{"href":"https:\/\/wp.ufpel.edu.br\/clc\/wp-json\/wp\/v2\/types\/post"}],"author":[{"embeddable":true,"href":"https:\/\/wp.ufpel.edu.br\/clc\/wp-json\/wp\/v2\/users\/50"}],"replies":[{"embeddable":true,"href":"https:\/\/wp.ufpel.edu.br\/clc\/wp-json\/wp\/v2\/comments?post=15828"}],"version-history":[{"count":3,"href":"https:\/\/wp.ufpel.edu.br\/clc\/wp-json\/wp\/v2\/posts\/15828\/revisions"}],"predecessor-version":[{"id":15842,"href":"https:\/\/wp.ufpel.edu.br\/clc\/wp-json\/wp\/v2\/posts\/15828\/revisions\/15842"}],"wp:attachment":[{"href":"https:\/\/wp.ufpel.edu.br\/clc\/wp-json\/wp\/v2\/media?parent=15828"}],"wp:term":[{"taxonomy":"category","embeddable":true,"href":"https:\/\/wp.ufpel.edu.br\/clc\/wp-json\/wp\/v2\/categories?post=15828"},{"taxonomy":"post_tag","embeddable":true,"href":"https:\/\/wp.ufpel.edu.br\/clc\/wp-json\/wp\/v2\/tags?post=15828"}],"curies":[{"name":"wp","href":"https:\/\/api.w.org\/{rel}","templated":true}]}}