{"id":15822,"date":"2023-10-18T14:20:52","date_gmt":"2023-10-18T17:20:52","guid":{"rendered":"https:\/\/wp.ufpel.edu.br\/clc\/?p=15822"},"modified":"2023-10-27T14:07:52","modified_gmt":"2023-10-27T17:07:52","slug":"nota-de-repudio-2","status":"publish","type":"post","link":"https:\/\/wp.ufpel.edu.br\/clc\/2023\/10\/18\/nota-de-repudio-2\/","title":{"rendered":"Nota de rep\u00fadio"},"content":{"rendered":"<p style=\"font-weight: 400; text-align: justify;\"><a href=\"https:\/\/wp.ufpel.edu.br\/clc\/files\/2023\/10\/WhatsApp-Image-2023-10-18-at-14.16.42.jpeg\"><img loading=\"lazy\" decoding=\"async\" class=\"aligncenter wp-image-15833\" src=\"https:\/\/wp.ufpel.edu.br\/clc\/files\/2023\/10\/WhatsApp-Image-2023-10-18-at-14.16.42.jpeg\" alt=\"\" width=\"445\" height=\"316\" srcset=\"https:\/\/wp.ufpel.edu.br\/clc\/files\/2023\/10\/WhatsApp-Image-2023-10-18-at-14.16.42.jpeg 1440w, https:\/\/wp.ufpel.edu.br\/clc\/files\/2023\/10\/WhatsApp-Image-2023-10-18-at-14.16.42-424x302.jpeg 424w, https:\/\/wp.ufpel.edu.br\/clc\/files\/2023\/10\/WhatsApp-Image-2023-10-18-at-14.16.42-212x151.jpeg 212w, https:\/\/wp.ufpel.edu.br\/clc\/files\/2023\/10\/WhatsApp-Image-2023-10-18-at-14.16.42-768x546.jpeg 768w\" sizes=\"auto, (max-width: 445px) 100vw, 445px\" \/><\/a>O Centro de Letras e Comunica\u00e7\u00e3o, consternado com a perda de sua aluna Maria Vani Rodrigues Kelleman, repudia a viol\u00eancia feminicida que arrancou a estudante do ber\u00e7o de sua fam\u00edlia e de nossa comunidade acad\u00eamica.<\/p>\n<p>Mulheres geram e nutrem a vida, seja por sua fisiologia, seja pelo cuidado e vigor social com que criam, mobilizam e movem sociedades em todo o mundo. Seu direito \u00e0 vida tem que ser respeitado, nutrido e protegido.<\/p>\n<p style=\"font-weight: 400; text-align: justify;\">Maria Vani, seu sorriso, sua vitalidade far\u00e3o falta. Sua vida, como a de todas as mulheres, importa e muito. A viol\u00eancia e as pr\u00e1ticas feminicidas n\u00e3o nos representam.<\/p>\n<p style=\"font-weight: 400; text-align: justify;\">Vani, presente!<\/p>\n","protected":false},"excerpt":{"rendered":"<p>O Centro de Letras e Comunica\u00e7\u00e3o, consternado com a perda de sua aluna Maria Vani Rodrigues Kelleman, repudia a viol\u00eancia feminicida que arrancou a estudante do ber\u00e7o de sua fam\u00edlia e de nossa comunidade acad\u00eamica. Mulheres geram e nutrem a &hellip; <a href=\"https:\/\/wp.ufpel.edu.br\/clc\/2023\/10\/18\/nota-de-repudio-2\/\">Continue lendo <span class=\"meta-nav\">&rarr;<\/span><\/a><\/p>\n","protected":false},"author":50,"featured_media":0,"comment_status":"closed","ping_status":"closed","sticky":false,"template":"","format":"standard","meta":{"footnotes":""},"categories":[1],"tags":[],"class_list":["post-15822","post","type-post","status-publish","format-standard","hentry","category-notcias"],"jetpack_featured_media_url":"","_links":{"self":[{"href":"https:\/\/wp.ufpel.edu.br\/clc\/wp-json\/wp\/v2\/posts\/15822","targetHints":{"allow":["GET"]}}],"collection":[{"href":"https:\/\/wp.ufpel.edu.br\/clc\/wp-json\/wp\/v2\/posts"}],"about":[{"href":"https:\/\/wp.ufpel.edu.br\/clc\/wp-json\/wp\/v2\/types\/post"}],"author":[{"embeddable":true,"href":"https:\/\/wp.ufpel.edu.br\/clc\/wp-json\/wp\/v2\/users\/50"}],"replies":[{"embeddable":true,"href":"https:\/\/wp.ufpel.edu.br\/clc\/wp-json\/wp\/v2\/comments?post=15822"}],"version-history":[{"count":6,"href":"https:\/\/wp.ufpel.edu.br\/clc\/wp-json\/wp\/v2\/posts\/15822\/revisions"}],"predecessor-version":[{"id":15847,"href":"https:\/\/wp.ufpel.edu.br\/clc\/wp-json\/wp\/v2\/posts\/15822\/revisions\/15847"}],"wp:attachment":[{"href":"https:\/\/wp.ufpel.edu.br\/clc\/wp-json\/wp\/v2\/media?parent=15822"}],"wp:term":[{"taxonomy":"category","embeddable":true,"href":"https:\/\/wp.ufpel.edu.br\/clc\/wp-json\/wp\/v2\/categories?post=15822"},{"taxonomy":"post_tag","embeddable":true,"href":"https:\/\/wp.ufpel.edu.br\/clc\/wp-json\/wp\/v2\/tags?post=15822"}],"curies":[{"name":"wp","href":"https:\/\/api.w.org\/{rel}","templated":true}]}}