{"id":15794,"date":"2023-10-17T11:26:58","date_gmt":"2023-10-17T14:26:58","guid":{"rendered":"https:\/\/wp.ufpel.edu.br\/clc\/?p=15794"},"modified":"2023-10-17T11:27:28","modified_gmt":"2023-10-17T14:27:28","slug":"aplicacao-do-exame-celpe-bras-ocorre-nos-dias-24-e-25-na-ufpel","status":"publish","type":"post","link":"https:\/\/wp.ufpel.edu.br\/clc\/2023\/10\/17\/aplicacao-do-exame-celpe-bras-ocorre-nos-dias-24-e-25-na-ufpel\/","title":{"rendered":"Aplica\u00e7\u00e3o do Exame Celpe-Bras ocorre nos dias 24 e 25 na UFPel"},"content":{"rendered":"<p style=\"text-align: justify;\"><a href=\"https:\/\/wp.ufpel.edu.br\/clc\/files\/2023\/10\/IMG-20231016-WA0130.jpg\"><img loading=\"lazy\" decoding=\"async\" class=\"wp-image-15796 alignleft\" src=\"https:\/\/wp.ufpel.edu.br\/clc\/files\/2023\/10\/IMG-20231016-WA0130.jpg\" alt=\"\" width=\"335\" height=\"335\" srcset=\"https:\/\/wp.ufpel.edu.br\/clc\/files\/2023\/10\/IMG-20231016-WA0130.jpg 1080w, https:\/\/wp.ufpel.edu.br\/clc\/files\/2023\/10\/IMG-20231016-WA0130-318x318.jpg 318w, https:\/\/wp.ufpel.edu.br\/clc\/files\/2023\/10\/IMG-20231016-WA0130-159x159.jpg 159w, https:\/\/wp.ufpel.edu.br\/clc\/files\/2023\/10\/IMG-20231016-WA0130-768x768.jpg 768w\" sizes=\"auto, (max-width: 335px) 100vw, 335px\" \/><\/a>Na pr\u00f3xima semana, nos dias 24 e 25, ocorrer\u00e1 na Universidade Federal de Pelotas (UFPel) a aplica\u00e7\u00e3o do Exame para obten\u00e7\u00e3o do Certificado de Profici\u00eancia em L\u00edngua Portuguesa para Estrangeiros (Celpe-Bras). As provas ser\u00e3o no Campus Porto (Anglo), na rua Gomes Carneiro, 1.<\/p>\n<p style=\"text-align: justify;\">A parte escrita ser\u00e1 realizada na sala 252, dia 24 de outubro, com in\u00edcio \u00e0s 9h (hor\u00e1rio de Bras\u00edlia). Os candidatos dever\u00e3o comparecer no local da prova com, no m\u00ednimo, uma hora de anteced\u00eancia.<\/p>\n<p>A parte oral ser\u00e1 na sala 109, nos dias 24 e 25 de outubro, conforme o cronograma enviado ao e-mail dos candidatos inscritos.<br \/>\nD\u00favidas: <a href=\"mailto:ppe.clc.ufpel@gmail.com\">ppe.clc.ufpel@gmail.com<\/a><\/p>\n","protected":false},"excerpt":{"rendered":"<p>Na pr\u00f3xima semana, nos dias 24 e 25, ocorrer\u00e1 na Universidade Federal de Pelotas (UFPel) a aplica\u00e7\u00e3o do Exame para obten\u00e7\u00e3o do Certificado de Profici\u00eancia em L\u00edngua Portuguesa para Estrangeiros (Celpe-Bras). As provas ser\u00e3o no Campus Porto (Anglo), na rua &hellip; <a href=\"https:\/\/wp.ufpel.edu.br\/clc\/2023\/10\/17\/aplicacao-do-exame-celpe-bras-ocorre-nos-dias-24-e-25-na-ufpel\/\">Continue lendo <span class=\"meta-nav\">&rarr;<\/span><\/a><\/p>\n","protected":false},"author":50,"featured_media":0,"comment_status":"closed","ping_status":"closed","sticky":false,"template":"","format":"standard","meta":{"footnotes":""},"categories":[1,33401],"tags":[],"class_list":["post-15794","post","type-post","status-publish","format-standard","hentry","category-notcias","category-portugues-para-estrangeiros"],"jetpack_featured_media_url":"","_links":{"self":[{"href":"https:\/\/wp.ufpel.edu.br\/clc\/wp-json\/wp\/v2\/posts\/15794","targetHints":{"allow":["GET"]}}],"collection":[{"href":"https:\/\/wp.ufpel.edu.br\/clc\/wp-json\/wp\/v2\/posts"}],"about":[{"href":"https:\/\/wp.ufpel.edu.br\/clc\/wp-json\/wp\/v2\/types\/post"}],"author":[{"embeddable":true,"href":"https:\/\/wp.ufpel.edu.br\/clc\/wp-json\/wp\/v2\/users\/50"}],"replies":[{"embeddable":true,"href":"https:\/\/wp.ufpel.edu.br\/clc\/wp-json\/wp\/v2\/comments?post=15794"}],"version-history":[{"count":2,"href":"https:\/\/wp.ufpel.edu.br\/clc\/wp-json\/wp\/v2\/posts\/15794\/revisions"}],"predecessor-version":[{"id":15798,"href":"https:\/\/wp.ufpel.edu.br\/clc\/wp-json\/wp\/v2\/posts\/15794\/revisions\/15798"}],"wp:attachment":[{"href":"https:\/\/wp.ufpel.edu.br\/clc\/wp-json\/wp\/v2\/media?parent=15794"}],"wp:term":[{"taxonomy":"category","embeddable":true,"href":"https:\/\/wp.ufpel.edu.br\/clc\/wp-json\/wp\/v2\/categories?post=15794"},{"taxonomy":"post_tag","embeddable":true,"href":"https:\/\/wp.ufpel.edu.br\/clc\/wp-json\/wp\/v2\/tags?post=15794"}],"curies":[{"name":"wp","href":"https:\/\/api.w.org\/{rel}","templated":true}]}}