{"id":15655,"date":"2023-09-11T13:38:24","date_gmt":"2023-09-11T16:38:24","guid":{"rendered":"https:\/\/wp.ufpel.edu.br\/clc\/?p=15655"},"modified":"2023-09-11T13:39:16","modified_gmt":"2023-09-11T16:39:16","slug":"evento-pcd-vivencias-e-desafios-na-universidade-esta-chegando","status":"publish","type":"post","link":"https:\/\/wp.ufpel.edu.br\/clc\/2023\/09\/11\/evento-pcd-vivencias-e-desafios-na-universidade-esta-chegando\/","title":{"rendered":"Evento PcD: viv\u00eancias e desafios na universidade est\u00e1 chegando!"},"content":{"rendered":"<p style=\"text-align: justify;\"><a href=\"https:\/\/wp.ufpel.edu.br\/clc\/files\/2023\/09\/IMG-20230907-WA0005.jpg\"><img loading=\"lazy\" decoding=\"async\" class=\"alignleft wp-image-15657 size-medium\" src=\"https:\/\/wp.ufpel.edu.br\/clc\/files\/2023\/09\/IMG-20230907-WA0005-225x318.jpg\" alt=\"\" width=\"225\" height=\"318\" srcset=\"https:\/\/wp.ufpel.edu.br\/clc\/files\/2023\/09\/IMG-20230907-WA0005-225x318.jpg 225w, https:\/\/wp.ufpel.edu.br\/clc\/files\/2023\/09\/IMG-20230907-WA0005-112x159.jpg 112w, https:\/\/wp.ufpel.edu.br\/clc\/files\/2023\/09\/IMG-20230907-WA0005-768x1087.jpg 768w, https:\/\/wp.ufpel.edu.br\/clc\/files\/2023\/09\/IMG-20230907-WA0005.jpg 904w\" sizes=\"auto, (max-width: 225px) 100vw, 225px\" \/><\/a>Acontecer\u00e1 no dia 14 de setembro, a partir das 18h, no Audit\u00f3rio Elio Paulo Zonta, Campus Anglo, o evento &#8220;PcD: viv\u00eancias e desafios na universidade&#8221;. O evento tem o intuito de construir um espa\u00e7o onde a diversidade \u00e9 celebrada e a inclus\u00e3o \u00e9 a palavra de ordem. Organiza\u00e7\u00e3o: PET GAPE UFPel, Coletivo PCD UFPel e NAI UFPel.<\/p>\n<p dir=\"auto\" style=\"text-align: justify;\">As vagas s\u00e3o limitadas e haver\u00e1 certifica\u00e7\u00e3o como ouvinte. Inscreva-se: <a href=\"https:\/\/forms.gle\/8SBqnFaFv4bsJN1cA\" target=\"_blank\" rel=\"noopener\" data-saferedirecturl=\"https:\/\/www.google.com\/url?q=https:\/\/forms.gle\/8SBqnFaFv4bsJN1cA&amp;source=gmail&amp;ust=1694534346562000&amp;usg=AOvVaw1F2rW2Q_WgNxvug3LLcKuw\">https:\/\/forms.gle\/<wbr \/>8SBqnFaFv4bsJN1cA<\/a><\/p>\n","protected":false},"excerpt":{"rendered":"<p>Acontecer\u00e1 no dia 14 de setembro, a partir das 18h, no Audit\u00f3rio Elio Paulo Zonta, Campus Anglo, o evento &#8220;PcD: viv\u00eancias e desafios na universidade&#8221;. O evento tem o intuito de construir um espa\u00e7o onde a diversidade \u00e9 celebrada e &hellip; <a href=\"https:\/\/wp.ufpel.edu.br\/clc\/2023\/09\/11\/evento-pcd-vivencias-e-desafios-na-universidade-esta-chegando\/\">Continue lendo <span class=\"meta-nav\">&rarr;<\/span><\/a><\/p>\n","protected":false},"author":50,"featured_media":0,"comment_status":"closed","ping_status":"closed","sticky":false,"template":"","format":"standard","meta":{"footnotes":""},"categories":[33383,33391,33386],"tags":[],"class_list":["post-15655","post","type-post","status-publish","format-standard","hentry","category-abertos-a-comunidade","category-alunos","category-eventos"],"jetpack_featured_media_url":"","_links":{"self":[{"href":"https:\/\/wp.ufpel.edu.br\/clc\/wp-json\/wp\/v2\/posts\/15655","targetHints":{"allow":["GET"]}}],"collection":[{"href":"https:\/\/wp.ufpel.edu.br\/clc\/wp-json\/wp\/v2\/posts"}],"about":[{"href":"https:\/\/wp.ufpel.edu.br\/clc\/wp-json\/wp\/v2\/types\/post"}],"author":[{"embeddable":true,"href":"https:\/\/wp.ufpel.edu.br\/clc\/wp-json\/wp\/v2\/users\/50"}],"replies":[{"embeddable":true,"href":"https:\/\/wp.ufpel.edu.br\/clc\/wp-json\/wp\/v2\/comments?post=15655"}],"version-history":[{"count":4,"href":"https:\/\/wp.ufpel.edu.br\/clc\/wp-json\/wp\/v2\/posts\/15655\/revisions"}],"predecessor-version":[{"id":15661,"href":"https:\/\/wp.ufpel.edu.br\/clc\/wp-json\/wp\/v2\/posts\/15655\/revisions\/15661"}],"wp:attachment":[{"href":"https:\/\/wp.ufpel.edu.br\/clc\/wp-json\/wp\/v2\/media?parent=15655"}],"wp:term":[{"taxonomy":"category","embeddable":true,"href":"https:\/\/wp.ufpel.edu.br\/clc\/wp-json\/wp\/v2\/categories?post=15655"},{"taxonomy":"post_tag","embeddable":true,"href":"https:\/\/wp.ufpel.edu.br\/clc\/wp-json\/wp\/v2\/tags?post=15655"}],"curies":[{"name":"wp","href":"https:\/\/api.w.org\/{rel}","templated":true}]}}