{"id":15651,"date":"2023-09-06T16:55:30","date_gmt":"2023-09-06T19:55:30","guid":{"rendered":"https:\/\/wp.ufpel.edu.br\/clc\/?p=15651"},"modified":"2023-09-06T16:55:30","modified_gmt":"2023-09-06T19:55:30","slug":"setembro-amarelo-voce-nao-esta-sozinhoa","status":"publish","type":"post","link":"https:\/\/wp.ufpel.edu.br\/clc\/2023\/09\/06\/setembro-amarelo-voce-nao-esta-sozinhoa\/","title":{"rendered":"Setembro Amarelo &#8211; voc\u00ea n\u00e3o est\u00e1 sozinho(a)"},"content":{"rendered":"<p><a href=\"https:\/\/wp.ufpel.edu.br\/clc\/files\/2023\/09\/IMG-20230906-WA0005.jpg\"><img loading=\"lazy\" decoding=\"async\" class=\"aligncenter size-full wp-image-15653\" src=\"https:\/\/wp.ufpel.edu.br\/clc\/files\/2023\/09\/IMG-20230906-WA0005.jpg\" alt=\"\" width=\"800\" height=\"800\" srcset=\"https:\/\/wp.ufpel.edu.br\/clc\/files\/2023\/09\/IMG-20230906-WA0005.jpg 800w, https:\/\/wp.ufpel.edu.br\/clc\/files\/2023\/09\/IMG-20230906-WA0005-318x318.jpg 318w, https:\/\/wp.ufpel.edu.br\/clc\/files\/2023\/09\/IMG-20230906-WA0005-159x159.jpg 159w, https:\/\/wp.ufpel.edu.br\/clc\/files\/2023\/09\/IMG-20230906-WA0005-768x768.jpg 768w\" sizes=\"auto, (max-width: 800px) 100vw, 800px\" \/><\/a><\/p>\n","protected":false},"excerpt":{"rendered":"","protected":false},"author":50,"featured_media":0,"comment_status":"closed","ping_status":"closed","sticky":false,"template":"","format":"standard","meta":{"footnotes":""},"categories":[1],"tags":[],"class_list":["post-15651","post","type-post","status-publish","format-standard","hentry","category-notcias"],"jetpack_featured_media_url":"","_links":{"self":[{"href":"https:\/\/wp.ufpel.edu.br\/clc\/wp-json\/wp\/v2\/posts\/15651","targetHints":{"allow":["GET"]}}],"collection":[{"href":"https:\/\/wp.ufpel.edu.br\/clc\/wp-json\/wp\/v2\/posts"}],"about":[{"href":"https:\/\/wp.ufpel.edu.br\/clc\/wp-json\/wp\/v2\/types\/post"}],"author":[{"embeddable":true,"href":"https:\/\/wp.ufpel.edu.br\/clc\/wp-json\/wp\/v2\/users\/50"}],"replies":[{"embeddable":true,"href":"https:\/\/wp.ufpel.edu.br\/clc\/wp-json\/wp\/v2\/comments?post=15651"}],"version-history":[{"count":1,"href":"https:\/\/wp.ufpel.edu.br\/clc\/wp-json\/wp\/v2\/posts\/15651\/revisions"}],"predecessor-version":[{"id":15654,"href":"https:\/\/wp.ufpel.edu.br\/clc\/wp-json\/wp\/v2\/posts\/15651\/revisions\/15654"}],"wp:attachment":[{"href":"https:\/\/wp.ufpel.edu.br\/clc\/wp-json\/wp\/v2\/media?parent=15651"}],"wp:term":[{"taxonomy":"category","embeddable":true,"href":"https:\/\/wp.ufpel.edu.br\/clc\/wp-json\/wp\/v2\/categories?post=15651"},{"taxonomy":"post_tag","embeddable":true,"href":"https:\/\/wp.ufpel.edu.br\/clc\/wp-json\/wp\/v2\/tags?post=15651"}],"curies":[{"name":"wp","href":"https:\/\/api.w.org\/{rel}","templated":true}]}}