{"id":15470,"date":"2023-08-04T14:28:13","date_gmt":"2023-08-04T17:28:13","guid":{"rendered":"https:\/\/wp.ufpel.edu.br\/clc\/?p=15470"},"modified":"2023-08-04T14:28:13","modified_gmt":"2023-08-04T17:28:13","slug":"o-clube-de-leitura-ler-mulheres-do-clc-divulga-proxima-leitura-e-encontro-do-clube","status":"publish","type":"post","link":"https:\/\/wp.ufpel.edu.br\/clc\/2023\/08\/04\/o-clube-de-leitura-ler-mulheres-do-clc-divulga-proxima-leitura-e-encontro-do-clube\/","title":{"rendered":"O Clube de Leitura: ler mulheres do CLC divulga pr\u00f3xima leitura e encontro do Clube"},"content":{"rendered":"<p><a href=\"https:\/\/wp.ufpel.edu.br\/clc\/files\/2023\/08\/Livro-1.jpg\"><img loading=\"lazy\" decoding=\"async\" class=\"aligncenter size-full wp-image-15472\" src=\"https:\/\/wp.ufpel.edu.br\/clc\/files\/2023\/08\/Livro-1.jpg\" alt=\"\" width=\"1080\" height=\"1080\" srcset=\"https:\/\/wp.ufpel.edu.br\/clc\/files\/2023\/08\/Livro-1.jpg 1080w, https:\/\/wp.ufpel.edu.br\/clc\/files\/2023\/08\/Livro-1-318x318.jpg 318w, https:\/\/wp.ufpel.edu.br\/clc\/files\/2023\/08\/Livro-1-159x159.jpg 159w, https:\/\/wp.ufpel.edu.br\/clc\/files\/2023\/08\/Livro-1-768x768.jpg 768w\" sizes=\"auto, (max-width: 1080px) 100vw, 1080px\" \/><\/a><\/p>\n<p style=\"text-align: justify;\">Acontecer\u00e1 dia 24 de agosto, das 18h \u00e0s 19h30, mais uma reuni\u00e3o do Clube de Leitura do Centro de Letras e Comunica\u00e7\u00e3o \u2013 Ler Mulheres. O livro do m\u00eas de agosto \u00e9 Os abismos da\u00a0 Pilar Quintana. Coordenado pela professora Vanessa Doumid \u00a0Damasceno, o Clube \u00e9 uma atividade gratuita e aberta \u00e0 comunidade.<\/p>\n<p style=\"text-align: justify;\">Quem j\u00e1 leu a obra do m\u00eas e tiver interesse de participar do encontro \u00e9 s\u00f3 comparecer. Neste m\u00eas, a conversa ocorrer\u00e1 na Editora e Livraria da UFPel, rua Benjamin Constant, 1071.<\/p>\n<p>Mais informa\u00e7\u00f5es:\u00a0<a href=\"mailto:clubeleituraclc@gmail.com\" target=\"_blank\" rel=\"noopener\">clubeleituraclc@gmail.com<\/a><\/p>\n","protected":false},"excerpt":{"rendered":"<p>Acontecer\u00e1 dia 24 de agosto, das 18h \u00e0s 19h30, mais uma reuni\u00e3o do Clube de Leitura do Centro de Letras e Comunica\u00e7\u00e3o \u2013 Ler Mulheres. O livro do m\u00eas de agosto \u00e9 Os abismos da\u00a0 Pilar Quintana. Coordenado pela professora &hellip; <a href=\"https:\/\/wp.ufpel.edu.br\/clc\/2023\/08\/04\/o-clube-de-leitura-ler-mulheres-do-clc-divulga-proxima-leitura-e-encontro-do-clube\/\">Continue lendo <span class=\"meta-nav\">&rarr;<\/span><\/a><\/p>\n","protected":false},"author":50,"featured_media":0,"comment_status":"closed","ping_status":"closed","sticky":false,"template":"","format":"standard","meta":{"footnotes":""},"categories":[1],"tags":[],"class_list":["post-15470","post","type-post","status-publish","format-standard","hentry","category-notcias"],"jetpack_featured_media_url":"","_links":{"self":[{"href":"https:\/\/wp.ufpel.edu.br\/clc\/wp-json\/wp\/v2\/posts\/15470","targetHints":{"allow":["GET"]}}],"collection":[{"href":"https:\/\/wp.ufpel.edu.br\/clc\/wp-json\/wp\/v2\/posts"}],"about":[{"href":"https:\/\/wp.ufpel.edu.br\/clc\/wp-json\/wp\/v2\/types\/post"}],"author":[{"embeddable":true,"href":"https:\/\/wp.ufpel.edu.br\/clc\/wp-json\/wp\/v2\/users\/50"}],"replies":[{"embeddable":true,"href":"https:\/\/wp.ufpel.edu.br\/clc\/wp-json\/wp\/v2\/comments?post=15470"}],"version-history":[{"count":1,"href":"https:\/\/wp.ufpel.edu.br\/clc\/wp-json\/wp\/v2\/posts\/15470\/revisions"}],"predecessor-version":[{"id":15473,"href":"https:\/\/wp.ufpel.edu.br\/clc\/wp-json\/wp\/v2\/posts\/15470\/revisions\/15473"}],"wp:attachment":[{"href":"https:\/\/wp.ufpel.edu.br\/clc\/wp-json\/wp\/v2\/media?parent=15470"}],"wp:term":[{"taxonomy":"category","embeddable":true,"href":"https:\/\/wp.ufpel.edu.br\/clc\/wp-json\/wp\/v2\/categories?post=15470"},{"taxonomy":"post_tag","embeddable":true,"href":"https:\/\/wp.ufpel.edu.br\/clc\/wp-json\/wp\/v2\/tags?post=15470"}],"curies":[{"name":"wp","href":"https:\/\/api.w.org\/{rel}","templated":true}]}}