{"id":15454,"date":"2023-08-03T17:16:12","date_gmt":"2023-08-03T20:16:12","guid":{"rendered":"https:\/\/wp.ufpel.edu.br\/clc\/?p=15454"},"modified":"2023-08-03T17:30:10","modified_gmt":"2023-08-03T20:30:10","slug":"curso-de-libras-para-servidores-e-oferecido-pela-progep","status":"publish","type":"post","link":"https:\/\/wp.ufpel.edu.br\/clc\/2023\/08\/03\/curso-de-libras-para-servidores-e-oferecido-pela-progep\/","title":{"rendered":"Curso de Libras para servidores \u00e9 oferecido pela PROGEP"},"content":{"rendered":"<p dir=\"auto\" style=\"text-align: justify;\">Divulgamos para os servidores docentes e t\u00e9cnicos do CLC que est\u00e3o abertas as inscri\u00e7\u00f5es para Curso de Libras, pela PROGEP: <a href=\"https:\/\/wp.ufpel.edu.br\/progep\/24185-2\/\" target=\"_blank\" rel=\"noopener\" data-saferedirecturl=\"https:\/\/www.google.com\/url?q=https:\/\/wp.ufpel.edu.br\/progep\/24185-2\/&amp;source=gmail&amp;ust=1691170486120000&amp;usg=AOvVaw09djLPRqHPuCITyYiCCC_9\">https:\/\/wp.ufpel.edu.br\/<wbr \/>progep\/24185-2\/<\/a><\/p>\n<p dir=\"auto\" style=\"text-align: justify;\">O Curso ser\u00e1 ministrado pelo professor Rogers Rocha, docente da \u00c1rea de Libras do CLC. Cabe salientar que al\u00e9m dos professores surdos que j\u00e1 trabalham no CLC, recentemente\u00a0 um colega servidor t\u00e9cnico-administrativo surdo integrou o Centro, al\u00e9m de haver v\u00e1rios alunos surdos no CLC.<\/p>\n<p style=\"text-align: justify;\"><strong>Ministrante(s):\u00a0<\/strong>Rogers Rocha (Docente do Centro de Letras e Comunica\u00e7\u00e3o \u2013 CLC)<\/p>\n<p style=\"text-align: justify;\"><b>Modalidade:\u00a0<\/b>Presencial \/ <strong>Carga hor\u00e1ria:\u00a0<\/strong>32 horas e 30 minutos<\/p>\n<p class=\"v1MsoNormal\" style=\"text-align: justify;\"><strong>Per\u00edodo de realiza\u00e7\u00e3o<\/strong>: 17 de agosto a 14\u00a0de dezembro de 2023<\/p>\n<p style=\"text-align: justify;\"><strong>Dias de realiza\u00e7\u00e3o:<\/strong> \u00a0Quintas-feiras \/ <strong>Hor\u00e1rio:<\/strong>\u00a0das 14h \u00e0s 16h30min<\/p>\n<p class=\"v1MsoNormal\" style=\"text-align: justify;\"><strong>Local<\/strong>: CCHS Campus II Audit\u00f3rio\u00a0\u2013\u00a0 Rua Almirante Barroso, 1202 \u2013 3\u00ba Andar<\/p>\n<p><strong>P\u00fablico Alvo<\/strong>: Servidores docentes e TAEs ativos<\/p>\n<p style=\"text-align: justify;\"><strong>S\u00famula<\/strong>:<\/p>\n<p class=\"Texto_Justificado\" style=\"text-align: justify;\">\u2013 Soletra\u00e7\u00e3o manual; -Apresenta\u00e7\u00e3o de si de outra pessoa; -Conversa\u00e7\u00e3o para o desenvolvimento de vocabul\u00e1rios b\u00e1sicos relacionados ao contexto de trabalho; \u2013 Uso de classificadores; -Desenvolvimento de tipologia textuais (descri\u00e7\u00e3o, narra\u00e7\u00e3o, injuntivos, expositivos e argumentativos); \u2013 Desenvolvimento de g\u00eaneros discursivos como (v\u00eddeos em whats app, v\u00eddeos para orienta\u00e7\u00f5es, anota\u00e7\u00f5es, contos, piadas, conversas informais).<\/p>\n<p><b><strong>Avalia\u00e7\u00e3o:\u00a0<\/strong><\/b>Frequ\u00eancia m\u00ednima de 75% e avalia\u00e7\u00e3o processual.<\/p>\n<p style=\"text-align: justify;\"><strong>Per\u00edodo de inscri\u00e7\u00e3o<\/strong>: 27\/07 a 14\/08\/2023<\/p>\n<p style=\"text-align: justify;\"><strong><a href=\"https:\/\/wp.ufpel.edu.br\/progep\/inscricoes-para-curso\/\">INSCRI\u00c7\u00d5ES AQUI!<\/a><\/strong><\/p>\n","protected":false},"excerpt":{"rendered":"<p>Divulgamos para os servidores docentes e t\u00e9cnicos do CLC que est\u00e3o abertas as inscri\u00e7\u00f5es para Curso de Libras, pela PROGEP: https:\/\/wp.ufpel.edu.br\/progep\/24185-2\/ O Curso ser\u00e1 ministrado pelo professor Rogers Rocha, docente da \u00c1rea de Libras do CLC. Cabe salientar que al\u00e9m &hellip; <a href=\"https:\/\/wp.ufpel.edu.br\/clc\/2023\/08\/03\/curso-de-libras-para-servidores-e-oferecido-pela-progep\/\">Continue lendo <span class=\"meta-nav\">&rarr;<\/span><\/a><\/p>\n","protected":false},"author":50,"featured_media":0,"comment_status":"closed","ping_status":"closed","sticky":false,"template":"","format":"standard","meta":{"footnotes":""},"categories":[33373,33392],"tags":[],"class_list":["post-15454","post","type-post","status-publish","format-standard","hentry","category-avisos","category-cursos"],"jetpack_featured_media_url":"","_links":{"self":[{"href":"https:\/\/wp.ufpel.edu.br\/clc\/wp-json\/wp\/v2\/posts\/15454","targetHints":{"allow":["GET"]}}],"collection":[{"href":"https:\/\/wp.ufpel.edu.br\/clc\/wp-json\/wp\/v2\/posts"}],"about":[{"href":"https:\/\/wp.ufpel.edu.br\/clc\/wp-json\/wp\/v2\/types\/post"}],"author":[{"embeddable":true,"href":"https:\/\/wp.ufpel.edu.br\/clc\/wp-json\/wp\/v2\/users\/50"}],"replies":[{"embeddable":true,"href":"https:\/\/wp.ufpel.edu.br\/clc\/wp-json\/wp\/v2\/comments?post=15454"}],"version-history":[{"count":7,"href":"https:\/\/wp.ufpel.edu.br\/clc\/wp-json\/wp\/v2\/posts\/15454\/revisions"}],"predecessor-version":[{"id":15469,"href":"https:\/\/wp.ufpel.edu.br\/clc\/wp-json\/wp\/v2\/posts\/15454\/revisions\/15469"}],"wp:attachment":[{"href":"https:\/\/wp.ufpel.edu.br\/clc\/wp-json\/wp\/v2\/media?parent=15454"}],"wp:term":[{"taxonomy":"category","embeddable":true,"href":"https:\/\/wp.ufpel.edu.br\/clc\/wp-json\/wp\/v2\/categories?post=15454"},{"taxonomy":"post_tag","embeddable":true,"href":"https:\/\/wp.ufpel.edu.br\/clc\/wp-json\/wp\/v2\/tags?post=15454"}],"curies":[{"name":"wp","href":"https:\/\/api.w.org\/{rel}","templated":true}]}}