{"id":15308,"date":"2023-07-11T14:52:10","date_gmt":"2023-07-11T17:52:10","guid":{"rendered":"https:\/\/wp.ufpel.edu.br\/clc\/?p=15308"},"modified":"2023-07-11T14:52:30","modified_gmt":"2023-07-11T17:52:30","slug":"clc-divulga-grupo-de-estudos-de-portugues-como-lingua-adicional-da-ufpel-gepla","status":"publish","type":"post","link":"https:\/\/wp.ufpel.edu.br\/clc\/2023\/07\/11\/clc-divulga-grupo-de-estudos-de-portugues-como-lingua-adicional-da-ufpel-gepla\/","title":{"rendered":"CLC divulga Grupo de Estudos de Portugu\u00eas como L\u00edngua Adicional da UFPel &#8211; GEPLA"},"content":{"rendered":"<p><a href=\"https:\/\/wp.ufpel.edu.br\/clc\/files\/2023\/07\/grupo-de-estudos.png\"><img loading=\"lazy\" decoding=\"async\" class=\"aligncenter size-full wp-image-15310\" src=\"https:\/\/wp.ufpel.edu.br\/clc\/files\/2023\/07\/grupo-de-estudos.png\" alt=\"\" width=\"1080\" height=\"1080\" srcset=\"https:\/\/wp.ufpel.edu.br\/clc\/files\/2023\/07\/grupo-de-estudos.png 1080w, https:\/\/wp.ufpel.edu.br\/clc\/files\/2023\/07\/grupo-de-estudos-318x318.png 318w, https:\/\/wp.ufpel.edu.br\/clc\/files\/2023\/07\/grupo-de-estudos-159x159.png 159w, https:\/\/wp.ufpel.edu.br\/clc\/files\/2023\/07\/grupo-de-estudos-768x768.png 768w\" sizes=\"auto, (max-width: 1080px) 100vw, 1080px\" \/><\/a><\/p>\n<p style=\"text-align: justify;\">Os encontros do GEPLA acontecer\u00e3o todas as \u00faltimas ter\u00e7as-feiras do m\u00eas, \u00e0s 10h.\u00a0No m\u00eas de julho, o encontro ser\u00e1 na sala 425 e ocorrer\u00e1 no dia 25\/07.<\/p>\n<p>Mais informa\u00e7\u00f5es entre em contato pelo\u00a0<a href=\"mailto:geplaufpel@gmail.com\">geplaufpel@gmail.com<\/a><\/p>\n","protected":false},"excerpt":{"rendered":"<p>Os encontros do GEPLA acontecer\u00e3o todas as \u00faltimas ter\u00e7as-feiras do m\u00eas, \u00e0s 10h.\u00a0No m\u00eas de julho, o encontro ser\u00e1 na sala 425 e ocorrer\u00e1 no dia 25\/07. Mais informa\u00e7\u00f5es entre em contato pelo\u00a0geplaufpel@gmail.com<\/p>\n","protected":false},"author":50,"featured_media":0,"comment_status":"closed","ping_status":"closed","sticky":false,"template":"","format":"standard","meta":{"footnotes":""},"categories":[33391,1],"tags":[],"class_list":["post-15308","post","type-post","status-publish","format-standard","hentry","category-alunos","category-notcias"],"jetpack_featured_media_url":"","_links":{"self":[{"href":"https:\/\/wp.ufpel.edu.br\/clc\/wp-json\/wp\/v2\/posts\/15308","targetHints":{"allow":["GET"]}}],"collection":[{"href":"https:\/\/wp.ufpel.edu.br\/clc\/wp-json\/wp\/v2\/posts"}],"about":[{"href":"https:\/\/wp.ufpel.edu.br\/clc\/wp-json\/wp\/v2\/types\/post"}],"author":[{"embeddable":true,"href":"https:\/\/wp.ufpel.edu.br\/clc\/wp-json\/wp\/v2\/users\/50"}],"replies":[{"embeddable":true,"href":"https:\/\/wp.ufpel.edu.br\/clc\/wp-json\/wp\/v2\/comments?post=15308"}],"version-history":[{"count":1,"href":"https:\/\/wp.ufpel.edu.br\/clc\/wp-json\/wp\/v2\/posts\/15308\/revisions"}],"predecessor-version":[{"id":15311,"href":"https:\/\/wp.ufpel.edu.br\/clc\/wp-json\/wp\/v2\/posts\/15308\/revisions\/15311"}],"wp:attachment":[{"href":"https:\/\/wp.ufpel.edu.br\/clc\/wp-json\/wp\/v2\/media?parent=15308"}],"wp:term":[{"taxonomy":"category","embeddable":true,"href":"https:\/\/wp.ufpel.edu.br\/clc\/wp-json\/wp\/v2\/categories?post=15308"},{"taxonomy":"post_tag","embeddable":true,"href":"https:\/\/wp.ufpel.edu.br\/clc\/wp-json\/wp\/v2\/tags?post=15308"}],"curies":[{"name":"wp","href":"https:\/\/api.w.org\/{rel}","templated":true}]}}