{"id":15299,"date":"2023-07-05T11:00:18","date_gmt":"2023-07-05T14:00:18","guid":{"rendered":"https:\/\/wp.ufpel.edu.br\/clc\/?p=15299"},"modified":"2023-07-05T11:00:18","modified_gmt":"2023-07-05T14:00:18","slug":"idiomas-sem-fronteiras-divulga-reabertura-para-professor-de-espanhol-nucli-ufpel-2","status":"publish","type":"post","link":"https:\/\/wp.ufpel.edu.br\/clc\/2023\/07\/05\/idiomas-sem-fronteiras-divulga-reabertura-para-professor-de-espanhol-nucli-ufpel-2\/","title":{"rendered":"Idiomas sem Fronteiras divulga reabertura para professor de Espanhol \u2013 NUCLi\/UFPel"},"content":{"rendered":"<p style=\"text-align: justify;\">Considerando que n\u00e3o houve o preenchimento de todas as vagas para bolsista do projeto Idiomas sem Fronteiras, Edital 23\/2023, visando \u00e0 sele\u00e7\u00e3o de Professor de Espanhol para atuar junto \u00e0 Rede Andifes IsF \u2013NUCLi\/UFPel, a coordena\u00e7\u00e3o torna p\u00fablico que est\u00e3o reabertas as inscri\u00e7\u00f5es para o Edital 23\/2023.<\/p>\n<p style=\"text-align: justify;\">As inscri\u00e7\u00f5es ser\u00e3o das 8h do dia 03\/07 at\u00e9 \u00e0s 12h de 10\/07. O edital ter\u00e1 validade de cinco meses.<\/p>\n<p>Mais informa\u00e7\u00f5es: <a href=\"https:\/\/wp.ufpel.edu.br\/clc\/files\/2023\/07\/SEI_UFPel-2242173-Despacho.pdf\">SEI_UFPel &#8211; 2242173<\/a><\/p>\n<p style=\"text-align: justify;\">\n","protected":false},"excerpt":{"rendered":"<p>Considerando que n\u00e3o houve o preenchimento de todas as vagas para bolsista do projeto Idiomas sem Fronteiras, Edital 23\/2023, visando \u00e0 sele\u00e7\u00e3o de Professor de Espanhol para atuar junto \u00e0 Rede Andifes IsF \u2013NUCLi\/UFPel, a coordena\u00e7\u00e3o torna p\u00fablico que est\u00e3o &hellip; <a href=\"https:\/\/wp.ufpel.edu.br\/clc\/2023\/07\/05\/idiomas-sem-fronteiras-divulga-reabertura-para-professor-de-espanhol-nucli-ufpel-2\/\">Continue lendo <span class=\"meta-nav\">&rarr;<\/span><\/a><\/p>\n","protected":false},"author":50,"featured_media":0,"comment_status":"closed","ping_status":"closed","sticky":false,"template":"","format":"standard","meta":{"footnotes":""},"categories":[1],"tags":[],"class_list":["post-15299","post","type-post","status-publish","format-standard","hentry","category-notcias"],"jetpack_featured_media_url":"","_links":{"self":[{"href":"https:\/\/wp.ufpel.edu.br\/clc\/wp-json\/wp\/v2\/posts\/15299","targetHints":{"allow":["GET"]}}],"collection":[{"href":"https:\/\/wp.ufpel.edu.br\/clc\/wp-json\/wp\/v2\/posts"}],"about":[{"href":"https:\/\/wp.ufpel.edu.br\/clc\/wp-json\/wp\/v2\/types\/post"}],"author":[{"embeddable":true,"href":"https:\/\/wp.ufpel.edu.br\/clc\/wp-json\/wp\/v2\/users\/50"}],"replies":[{"embeddable":true,"href":"https:\/\/wp.ufpel.edu.br\/clc\/wp-json\/wp\/v2\/comments?post=15299"}],"version-history":[{"count":2,"href":"https:\/\/wp.ufpel.edu.br\/clc\/wp-json\/wp\/v2\/posts\/15299\/revisions"}],"predecessor-version":[{"id":15303,"href":"https:\/\/wp.ufpel.edu.br\/clc\/wp-json\/wp\/v2\/posts\/15299\/revisions\/15303"}],"wp:attachment":[{"href":"https:\/\/wp.ufpel.edu.br\/clc\/wp-json\/wp\/v2\/media?parent=15299"}],"wp:term":[{"taxonomy":"category","embeddable":true,"href":"https:\/\/wp.ufpel.edu.br\/clc\/wp-json\/wp\/v2\/categories?post=15299"},{"taxonomy":"post_tag","embeddable":true,"href":"https:\/\/wp.ufpel.edu.br\/clc\/wp-json\/wp\/v2\/tags?post=15299"}],"curies":[{"name":"wp","href":"https:\/\/api.w.org\/{rel}","templated":true}]}}