{"id":15294,"date":"2023-07-05T09:13:34","date_gmt":"2023-07-05T12:13:34","guid":{"rendered":"https:\/\/wp.ufpel.edu.br\/clc\/?p=15294"},"modified":"2023-07-05T09:13:34","modified_gmt":"2023-07-05T12:13:34","slug":"o-clube-de-leitura-ler-mulheres-do-clc-divulga-as-proximas-leituras-do-clube","status":"publish","type":"post","link":"https:\/\/wp.ufpel.edu.br\/clc\/2023\/07\/05\/o-clube-de-leitura-ler-mulheres-do-clc-divulga-as-proximas-leituras-do-clube\/","title":{"rendered":"O Clube de Leitura: ler mulheres do CLC divulga as pr\u00f3ximas leituras do Clube"},"content":{"rendered":"<p><a href=\"https:\/\/wp.ufpel.edu.br\/clc\/files\/2023\/07\/IMG-20230330-WA0007.jpg\"><img loading=\"lazy\" decoding=\"async\" class=\"aligncenter size-full wp-image-15296\" src=\"https:\/\/wp.ufpel.edu.br\/clc\/files\/2023\/07\/IMG-20230330-WA0007.jpg\" alt=\"\" width=\"1077\" height=\"686\" srcset=\"https:\/\/wp.ufpel.edu.br\/clc\/files\/2023\/07\/IMG-20230330-WA0007.jpg 1077w, https:\/\/wp.ufpel.edu.br\/clc\/files\/2023\/07\/IMG-20230330-WA0007-424x270.jpg 424w, https:\/\/wp.ufpel.edu.br\/clc\/files\/2023\/07\/IMG-20230330-WA0007-212x135.jpg 212w, https:\/\/wp.ufpel.edu.br\/clc\/files\/2023\/07\/IMG-20230330-WA0007-768x489.jpg 768w\" sizes=\"auto, (max-width: 1077px) 100vw, 1077px\" \/><\/a><\/p>\n<p>Confira as pr\u00f3ximas leituras e datas de encontro do clube:<\/p>\n<ul>\n<li style=\"font-weight: 400;\">Julho (27\/07) &#8211; \u00a0A tran\u00e7a, Laetitia Colombani<\/li>\n<li style=\"font-weight: 400;\">Agosto (31\/08) &#8211; \u00a0Os abismos, Pilar Quintana<\/li>\n<li style=\"font-weight: 400;\">Setembro (28\/09) &#8211; Balada de amor ao vento, \u00a0Paulina Chiziane<\/li>\n<li style=\"font-weight: 400;\">Outubro (26\/10) &#8211; Com armas sonolentas, Carola Saavedra<\/li>\n<li style=\"font-weight: 400;\">Novembro (30\/11) &#8211; \u00a0Solit\u00e1ria, Eliana Alves Cruz<\/li>\n<li style=\"font-weight: 400;\">Dezembro (14\/12) &#8211; Coral e outros poemas, Sophia de Mello Breyner Andresen<\/li>\n<\/ul>\n<p style=\"font-weight: 400; text-align: justify;\">Os encontros ocorrer\u00e3o na\u00a0<strong>Editora e Livraria UFPel (<\/strong>\u00a0Rua Benjamin Constant, 1071), das 18h \u00e0s 19h30.<\/p>\n<p style=\"font-weight: 400; text-align: justify;\">O Clube \u00e9 uma atividade gratuita e aberta \u00e0 comunidade. Quem j\u00e1 leu a obra do m\u00eas e tiver interesse de participar do encontro \u00e9 s\u00f3 comparecer.<\/p>\n<p style=\"font-weight: 400;\">Para mais informa\u00e7\u00f5es:\u00a0<a href=\"mailto:clubeleituraclc@gmail.com\">clubeleituraclc@gmail.com<\/a><\/p>\n","protected":false},"excerpt":{"rendered":"<p>Confira as pr\u00f3ximas leituras e datas de encontro do clube: Julho (27\/07) &#8211; \u00a0A tran\u00e7a, Laetitia Colombani Agosto (31\/08) &#8211; \u00a0Os abismos, Pilar Quintana Setembro (28\/09) &#8211; Balada de amor ao vento, \u00a0Paulina Chiziane Outubro (26\/10) &#8211; Com armas sonolentas, &hellip; <a href=\"https:\/\/wp.ufpel.edu.br\/clc\/2023\/07\/05\/o-clube-de-leitura-ler-mulheres-do-clc-divulga-as-proximas-leituras-do-clube\/\">Continue lendo <span class=\"meta-nav\">&rarr;<\/span><\/a><\/p>\n","protected":false},"author":50,"featured_media":0,"comment_status":"closed","ping_status":"closed","sticky":false,"template":"","format":"standard","meta":{"footnotes":""},"categories":[1],"tags":[],"class_list":["post-15294","post","type-post","status-publish","format-standard","hentry","category-notcias"],"jetpack_featured_media_url":"","_links":{"self":[{"href":"https:\/\/wp.ufpel.edu.br\/clc\/wp-json\/wp\/v2\/posts\/15294","targetHints":{"allow":["GET"]}}],"collection":[{"href":"https:\/\/wp.ufpel.edu.br\/clc\/wp-json\/wp\/v2\/posts"}],"about":[{"href":"https:\/\/wp.ufpel.edu.br\/clc\/wp-json\/wp\/v2\/types\/post"}],"author":[{"embeddable":true,"href":"https:\/\/wp.ufpel.edu.br\/clc\/wp-json\/wp\/v2\/users\/50"}],"replies":[{"embeddable":true,"href":"https:\/\/wp.ufpel.edu.br\/clc\/wp-json\/wp\/v2\/comments?post=15294"}],"version-history":[{"count":2,"href":"https:\/\/wp.ufpel.edu.br\/clc\/wp-json\/wp\/v2\/posts\/15294\/revisions"}],"predecessor-version":[{"id":15298,"href":"https:\/\/wp.ufpel.edu.br\/clc\/wp-json\/wp\/v2\/posts\/15294\/revisions\/15298"}],"wp:attachment":[{"href":"https:\/\/wp.ufpel.edu.br\/clc\/wp-json\/wp\/v2\/media?parent=15294"}],"wp:term":[{"taxonomy":"category","embeddable":true,"href":"https:\/\/wp.ufpel.edu.br\/clc\/wp-json\/wp\/v2\/categories?post=15294"},{"taxonomy":"post_tag","embeddable":true,"href":"https:\/\/wp.ufpel.edu.br\/clc\/wp-json\/wp\/v2\/tags?post=15294"}],"curies":[{"name":"wp","href":"https:\/\/api.w.org\/{rel}","templated":true}]}}