{"id":15287,"date":"2023-07-04T14:19:26","date_gmt":"2023-07-04T17:19:26","guid":{"rendered":"https:\/\/wp.ufpel.edu.br\/clc\/?p=15287"},"modified":"2023-07-04T14:19:26","modified_gmt":"2023-07-04T17:19:26","slug":"clc-divulga-resultado-da-eleicao-para-coordenacao-do-colegiado-de-espanhol","status":"publish","type":"post","link":"https:\/\/wp.ufpel.edu.br\/clc\/2023\/07\/04\/clc-divulga-resultado-da-eleicao-para-coordenacao-do-colegiado-de-espanhol\/","title":{"rendered":"CLC divulga resultado da elei\u00e7\u00e3o para Coordena\u00e7\u00e3o do Colegiado de Espanhol"},"content":{"rendered":"<p style=\"text-align: justify;\">A Comiss\u00e3o Eleitoral constitu\u00edda para a Elei\u00e7\u00e3o \u00e0 Coordena\u00e7\u00e3o e Coordena\u00e7\u00e3o Adjunta do curso de Licenciatura em Letras Portugu\u00eas e Espanhol do CLC, realizou a apura\u00e7\u00e3o dos votos da Consulta Informal \u00e0 Comunidade Acad\u00eamica sobre a Coordena\u00e7\u00e3o e Coordena\u00e7\u00e3o Adjunta do curso de Licenciatura em Letras Portugu\u00eas e Espanhol, conforme Edital para Vota\u00e7\u00e3o Eletr\u00f4nica N\u00ba. 02\/2023.<\/p>\n<p style=\"text-align: justify;\">Ap\u00f3s a abertura da urna e as devidas confer\u00eancias iniciais, foi dado in\u00edcio \u00e0 apura\u00e7\u00e3o dos votos, resultando em: 34 (trinta e quatro) votantes; 34 (trinta e quatro) votos na chapa \u00fanica para Coordena\u00e7\u00e3o e Coordena\u00e7\u00e3o Adjunta, respectivamente: Jo\u00e3o Luis Rocha Paix\u00e3o C\u00f4rtes, Ana Lourdes da Rosa Nieves Fern\u00e1ndez; 0 (zero) votos em Branco; 0 (zero) votos Nulos.<\/p>\n<p><a href=\"https:\/\/wp.ufpel.edu.br\/clc\/files\/2023\/07\/Resultado-eleicao-Colegiado-Espanhol.pdf\">Resultado elei\u00e7\u00e3o Colegiado Espanhol<\/a><\/p>\n","protected":false},"excerpt":{"rendered":"<p>A Comiss\u00e3o Eleitoral constitu\u00edda para a Elei\u00e7\u00e3o \u00e0 Coordena\u00e7\u00e3o e Coordena\u00e7\u00e3o Adjunta do curso de Licenciatura em Letras Portugu\u00eas e Espanhol do CLC, realizou a apura\u00e7\u00e3o dos votos da Consulta Informal \u00e0 Comunidade Acad\u00eamica sobre a Coordena\u00e7\u00e3o e Coordena\u00e7\u00e3o Adjunta &hellip; <a href=\"https:\/\/wp.ufpel.edu.br\/clc\/2023\/07\/04\/clc-divulga-resultado-da-eleicao-para-coordenacao-do-colegiado-de-espanhol\/\">Continue lendo <span class=\"meta-nav\">&rarr;<\/span><\/a><\/p>\n","protected":false},"author":50,"featured_media":0,"comment_status":"closed","ping_status":"closed","sticky":false,"template":"","format":"standard","meta":{"footnotes":""},"categories":[1],"tags":[],"class_list":["post-15287","post","type-post","status-publish","format-standard","hentry","category-notcias"],"jetpack_featured_media_url":"","_links":{"self":[{"href":"https:\/\/wp.ufpel.edu.br\/clc\/wp-json\/wp\/v2\/posts\/15287","targetHints":{"allow":["GET"]}}],"collection":[{"href":"https:\/\/wp.ufpel.edu.br\/clc\/wp-json\/wp\/v2\/posts"}],"about":[{"href":"https:\/\/wp.ufpel.edu.br\/clc\/wp-json\/wp\/v2\/types\/post"}],"author":[{"embeddable":true,"href":"https:\/\/wp.ufpel.edu.br\/clc\/wp-json\/wp\/v2\/users\/50"}],"replies":[{"embeddable":true,"href":"https:\/\/wp.ufpel.edu.br\/clc\/wp-json\/wp\/v2\/comments?post=15287"}],"version-history":[{"count":1,"href":"https:\/\/wp.ufpel.edu.br\/clc\/wp-json\/wp\/v2\/posts\/15287\/revisions"}],"predecessor-version":[{"id":15290,"href":"https:\/\/wp.ufpel.edu.br\/clc\/wp-json\/wp\/v2\/posts\/15287\/revisions\/15290"}],"wp:attachment":[{"href":"https:\/\/wp.ufpel.edu.br\/clc\/wp-json\/wp\/v2\/media?parent=15287"}],"wp:term":[{"taxonomy":"category","embeddable":true,"href":"https:\/\/wp.ufpel.edu.br\/clc\/wp-json\/wp\/v2\/categories?post=15287"},{"taxonomy":"post_tag","embeddable":true,"href":"https:\/\/wp.ufpel.edu.br\/clc\/wp-json\/wp\/v2\/tags?post=15287"}],"curies":[{"name":"wp","href":"https:\/\/api.w.org\/{rel}","templated":true}]}}