{"id":15260,"date":"2023-07-03T14:53:44","date_gmt":"2023-07-03T17:53:44","guid":{"rendered":"https:\/\/wp.ufpel.edu.br\/clc\/?p=15260"},"modified":"2023-07-03T14:56:36","modified_gmt":"2023-07-03T17:56:36","slug":"clc-divulga-homologacao-de-inscricoes-para-a-coordenacao-do-portugues-rrt-e-chefia-caens-e-respectivas-listas-de-votantes","status":"publish","type":"post","link":"https:\/\/wp.ufpel.edu.br\/clc\/2023\/07\/03\/clc-divulga-homologacao-de-inscricoes-para-a-coordenacao-do-portugues-rrt-e-chefia-caens-e-respectivas-listas-de-votantes\/","title":{"rendered":"CLC divulga homologa\u00e7\u00e3o de inscri\u00e7\u00f5es para a coordena\u00e7\u00e3o do Portugu\u00eas, RRT e Chefia CaEns e respectivas listas de votantes"},"content":{"rendered":"<p style=\"text-align: justify;\">O Centro de Letras e Comunica\u00e7\u00e3o (CLC) divulga homologa\u00e7\u00e3o das inscri\u00e7\u00f5es do <a href=\"https:\/\/wp.ufpel.edu.br\/clc\/2023\/06\/28\/consulta-para-escolha-da-chefia-da-camara-de-ensino-do-clc-edital-03-2023\/\">Edital N\u00ba. 03\/2023,<\/a> <a href=\"https:\/\/wp.ufpel.edu.br\/clc\/2023\/06\/28\/consulta-para-escolha-da-coordenacao-do-curso-de-redacao-e-revisao-de-textos-edital-04-2023\/\">Edital N\u00ba. 04\/2023<\/a> e <a href=\"https:\/\/wp.ufpel.edu.br\/clc\/2023\/06\/28\/consulta-para-escolha-da-coordenacao-do-curso-de-portugues-edital-05-2023\/\">Edital N\u00ba. 05\/2023<\/a> da sele\u00e7\u00e3o para Coordena\u00e7\u00e3o do Portugu\u00eas, RRT e Chefia CaEns, assim como a lista de servidores e alunos votantes.<\/p>\n<p>&nbsp;<\/p>\n<ul>\n<li><strong>Portugu\u00eas<\/strong><\/li>\n<\/ul>\n<p><a href=\"https:\/\/wp.ufpel.edu.br\/clc\/files\/2023\/07\/Homologacao-inscricoes-Portugues.pdf\">Homologa\u00e7\u00e3o inscri\u00e7\u00f5es Portugu\u00eas<\/a><\/p>\n<p><a href=\"https:\/\/wp.ufpel.edu.br\/clc\/files\/2023\/07\/Alunos_votantes_Portugues.pdf\">Alunos_votantes_Portugues<\/a><\/p>\n<p><a href=\"https:\/\/wp.ufpel.edu.br\/clc\/files\/2023\/07\/Lista_servidores_votantes_Portugues.pdf\">Lista_servidores_votantes_Portugu\u00eas<\/a><\/p>\n<ul>\n<li><strong>Reda\u00e7\u00e3o e Revis\u00e3o de Textos<\/strong><\/li>\n<\/ul>\n<p><a href=\"https:\/\/wp.ufpel.edu.br\/clc\/files\/2023\/07\/Homologa-inscricoes-RRT.pdf\">Homologa inscri\u00e7\u00f5es RRT<\/a><\/p>\n<p><a href=\"https:\/\/wp.ufpel.edu.br\/clc\/files\/2023\/07\/Alunos_votantes_RRT.pdf\">A<\/a><a href=\"https:\/\/wp.ufpel.edu.br\/clc\/files\/2023\/07\/Alunos_votantes_RRT.pdf\">lunos_votantes_RRT<\/a><\/p>\n<p><a href=\"https:\/\/wp.ufpel.edu.br\/clc\/files\/2023\/07\/Lista_servidores_votantes_CLC__RRT.pdf\">Lista_servidores_votantes_CLC__RRT<\/a><\/p>\n<ul>\n<li><strong>CaEns<\/strong><\/li>\n<\/ul>\n<p><a href=\"https:\/\/wp.ufpel.edu.br\/clc\/files\/2023\/07\/Homologa-inscricoes-CaEns.pdf\">Homologa inscri\u00e7\u00f5es CaEns<\/a><\/p>\n<p><a href=\"https:\/\/wp.ufpel.edu.br\/clc\/files\/2023\/07\/Lista_votantes_CaEns.pdf\">Lista_votantes_CaEns<\/a><\/p>\n","protected":false},"excerpt":{"rendered":"<p>O Centro de Letras e Comunica\u00e7\u00e3o (CLC) divulga homologa\u00e7\u00e3o das inscri\u00e7\u00f5es do Edital N\u00ba. 03\/2023, Edital N\u00ba. 04\/2023 e Edital N\u00ba. 05\/2023 da sele\u00e7\u00e3o para Coordena\u00e7\u00e3o do Portugu\u00eas, RRT e Chefia CaEns, assim como a lista de servidores e alunos &hellip; <a href=\"https:\/\/wp.ufpel.edu.br\/clc\/2023\/07\/03\/clc-divulga-homologacao-de-inscricoes-para-a-coordenacao-do-portugues-rrt-e-chefia-caens-e-respectivas-listas-de-votantes\/\">Continue lendo <span class=\"meta-nav\">&rarr;<\/span><\/a><\/p>\n","protected":false},"author":50,"featured_media":0,"comment_status":"closed","ping_status":"closed","sticky":false,"template":"","format":"standard","meta":{"footnotes":""},"categories":[33391,33373,33388,33385,1],"tags":[],"class_list":["post-15260","post","type-post","status-publish","format-standard","hentry","category-alunos","category-avisos","category-camara-de-ensino","category-editais-e-resultados","category-notcias"],"jetpack_featured_media_url":"","_links":{"self":[{"href":"https:\/\/wp.ufpel.edu.br\/clc\/wp-json\/wp\/v2\/posts\/15260","targetHints":{"allow":["GET"]}}],"collection":[{"href":"https:\/\/wp.ufpel.edu.br\/clc\/wp-json\/wp\/v2\/posts"}],"about":[{"href":"https:\/\/wp.ufpel.edu.br\/clc\/wp-json\/wp\/v2\/types\/post"}],"author":[{"embeddable":true,"href":"https:\/\/wp.ufpel.edu.br\/clc\/wp-json\/wp\/v2\/users\/50"}],"replies":[{"embeddable":true,"href":"https:\/\/wp.ufpel.edu.br\/clc\/wp-json\/wp\/v2\/comments?post=15260"}],"version-history":[{"count":2,"href":"https:\/\/wp.ufpel.edu.br\/clc\/wp-json\/wp\/v2\/posts\/15260\/revisions"}],"predecessor-version":[{"id":15271,"href":"https:\/\/wp.ufpel.edu.br\/clc\/wp-json\/wp\/v2\/posts\/15260\/revisions\/15271"}],"wp:attachment":[{"href":"https:\/\/wp.ufpel.edu.br\/clc\/wp-json\/wp\/v2\/media?parent=15260"}],"wp:term":[{"taxonomy":"category","embeddable":true,"href":"https:\/\/wp.ufpel.edu.br\/clc\/wp-json\/wp\/v2\/categories?post=15260"},{"taxonomy":"post_tag","embeddable":true,"href":"https:\/\/wp.ufpel.edu.br\/clc\/wp-json\/wp\/v2\/tags?post=15260"}],"curies":[{"name":"wp","href":"https:\/\/api.w.org\/{rel}","templated":true}]}}