{"id":15211,"date":"2023-06-28T14:33:01","date_gmt":"2023-06-28T17:33:01","guid":{"rendered":"https:\/\/wp.ufpel.edu.br\/clc\/?p=15211"},"modified":"2023-06-28T14:39:47","modified_gmt":"2023-06-28T17:39:47","slug":"consulta-para-escolha-da-coordenacao-do-curso-de-portugues-edital-05-2023","status":"publish","type":"post","link":"https:\/\/wp.ufpel.edu.br\/clc\/2023\/06\/28\/consulta-para-escolha-da-coordenacao-do-curso-de-portugues-edital-05-2023\/","title":{"rendered":"Consulta para escolha da Coordena\u00e7\u00e3o do curso de Portugu\u00eas &#8211; Edital 05\/2023"},"content":{"rendered":"<p style=\"text-align: justify;\">O presente edital tem o prop\u00f3sito de regulamentar o processo de consulta \u00e0 comunidade do Centro de Letras e Comunica\u00e7\u00e3o (CLC) para elei\u00e7\u00e3o da coordena\u00e7\u00e3o do Curso de Licenciatura em Letras &#8211; Portugu\u00eas, com a participa\u00e7\u00e3o do corpo docente e servidoras\/es t\u00e9cnico-administrativos da Unidade para o per\u00edodo 2023-2025, de acordo com regimento do CLC.<\/p>\n<p style=\"text-align: justify;\"><strong>Candidatos aos cargos<\/strong><\/p>\n<p style=\"text-align: justify;\">Poder\u00e3o ser candidatos somente os professores lotados neste \u00f3rg\u00e3o. Al\u00e9m disso, somente poder\u00e3o inscrever-se professores do plano de carreira, n\u00e3o substitutos, da Universidade.<\/p>\n<p style=\"text-align: justify;\"><strong>Inscri\u00e7\u00e3o<\/strong><\/p>\n<p style=\"text-align: justify;\">O per\u00edodo de inscri\u00e7\u00f5es ocorrer\u00e1 das 8h30min do dia 29 de junho de 2023, \u00e0s 17h do dia 30 de junho de 2023. Mais informa\u00e7\u00f5es: <a href=\"https:\/\/wp.ufpel.edu.br\/clc\/files\/2023\/06\/SEI_UFPel-2231400-Edital-para-Votacao-Eletronica-CNA-05-2023-Coord-Portugues.pdf\">SEI_UFPel &#8211; 2231400 &#8211; Edital para Vota\u00e7\u00e3o Eletr\u00f4nica CNA-05-2023 Coord Portugu\u00eas<\/a><\/p>\n","protected":false},"excerpt":{"rendered":"<p>O presente edital tem o prop\u00f3sito de regulamentar o processo de consulta \u00e0 comunidade do Centro de Letras e Comunica\u00e7\u00e3o (CLC) para elei\u00e7\u00e3o da coordena\u00e7\u00e3o do Curso de Licenciatura em Letras &#8211; Portugu\u00eas, com a participa\u00e7\u00e3o do corpo docente e &hellip; <a href=\"https:\/\/wp.ufpel.edu.br\/clc\/2023\/06\/28\/consulta-para-escolha-da-coordenacao-do-curso-de-portugues-edital-05-2023\/\">Continue lendo <span class=\"meta-nav\">&rarr;<\/span><\/a><\/p>\n","protected":false},"author":50,"featured_media":0,"comment_status":"closed","ping_status":"closed","sticky":false,"template":"","format":"standard","meta":{"footnotes":""},"categories":[33391,33373,33387,33389,33385,1],"tags":[],"class_list":["post-15211","post","type-post","status-publish","format-standard","hentry","category-alunos","category-avisos","category-direcao","category-docentes","category-editais-e-resultados","category-notcias"],"jetpack_featured_media_url":"","_links":{"self":[{"href":"https:\/\/wp.ufpel.edu.br\/clc\/wp-json\/wp\/v2\/posts\/15211","targetHints":{"allow":["GET"]}}],"collection":[{"href":"https:\/\/wp.ufpel.edu.br\/clc\/wp-json\/wp\/v2\/posts"}],"about":[{"href":"https:\/\/wp.ufpel.edu.br\/clc\/wp-json\/wp\/v2\/types\/post"}],"author":[{"embeddable":true,"href":"https:\/\/wp.ufpel.edu.br\/clc\/wp-json\/wp\/v2\/users\/50"}],"replies":[{"embeddable":true,"href":"https:\/\/wp.ufpel.edu.br\/clc\/wp-json\/wp\/v2\/comments?post=15211"}],"version-history":[{"count":4,"href":"https:\/\/wp.ufpel.edu.br\/clc\/wp-json\/wp\/v2\/posts\/15211\/revisions"}],"predecessor-version":[{"id":15218,"href":"https:\/\/wp.ufpel.edu.br\/clc\/wp-json\/wp\/v2\/posts\/15211\/revisions\/15218"}],"wp:attachment":[{"href":"https:\/\/wp.ufpel.edu.br\/clc\/wp-json\/wp\/v2\/media?parent=15211"}],"wp:term":[{"taxonomy":"category","embeddable":true,"href":"https:\/\/wp.ufpel.edu.br\/clc\/wp-json\/wp\/v2\/categories?post=15211"},{"taxonomy":"post_tag","embeddable":true,"href":"https:\/\/wp.ufpel.edu.br\/clc\/wp-json\/wp\/v2\/tags?post=15211"}],"curies":[{"name":"wp","href":"https:\/\/api.w.org\/{rel}","templated":true}]}}