{"id":15198,"date":"2023-06-28T14:38:09","date_gmt":"2023-06-28T17:38:09","guid":{"rendered":"https:\/\/wp.ufpel.edu.br\/clc\/?p=15198"},"modified":"2023-06-28T14:38:20","modified_gmt":"2023-06-28T17:38:20","slug":"curso-re-ler-saussure-esta-com-inscricoes-abertas","status":"publish","type":"post","link":"https:\/\/wp.ufpel.edu.br\/clc\/2023\/06\/28\/curso-re-ler-saussure-esta-com-inscricoes-abertas\/","title":{"rendered":"Curso Re-ler Saussure est\u00e1 com inscri\u00e7\u00f5es abertas"},"content":{"rendered":"<p><a href=\"https:\/\/wp.ufpel.edu.br\/clc\/files\/2023\/06\/Curso-Re-ler-Saussure.png\"><img loading=\"lazy\" decoding=\"async\" class=\"aligncenter size-full wp-image-15200\" src=\"https:\/\/wp.ufpel.edu.br\/clc\/files\/2023\/06\/Curso-Re-ler-Saussure.png\" alt=\"\" width=\"1890\" height=\"2245\" srcset=\"https:\/\/wp.ufpel.edu.br\/clc\/files\/2023\/06\/Curso-Re-ler-Saussure.png 1890w, https:\/\/wp.ufpel.edu.br\/clc\/files\/2023\/06\/Curso-Re-ler-Saussure-268x318.png 268w, https:\/\/wp.ufpel.edu.br\/clc\/files\/2023\/06\/Curso-Re-ler-Saussure-134x159.png 134w, https:\/\/wp.ufpel.edu.br\/clc\/files\/2023\/06\/Curso-Re-ler-Saussure-768x912.png 768w, https:\/\/wp.ufpel.edu.br\/clc\/files\/2023\/06\/Curso-Re-ler-Saussure-1293x1536.png 1293w, https:\/\/wp.ufpel.edu.br\/clc\/files\/2023\/06\/Curso-Re-ler-Saussure-1724x2048.png 1724w\" sizes=\"auto, (max-width: 1890px) 100vw, 1890px\" \/><\/a><\/p>\n<p style=\"text-align: justify;\">O Centro de Letras e Comunica\u00e7\u00e3o divulga inscri\u00e7\u00f5es para o curso &#8220;Re-ler Saussure: do CLG \u00e0s fontes manuscritas&#8221; ministrado pela doutoranda em Letras do PPGL da UFPel, Camila Pilotto.<\/p>\n<p style=\"text-align: justify;\">Os encontros ser\u00e3o de 11 de julho a 19 de setembro, das 9h \u00e0s 11h30, no Cehus (R. Cel. Alberto Rosa, 117). As inscri\u00e7\u00f5es devem ser enviadas para o e-mail: relersaussure.ufpel@gmail.com, contendo nome completo, n\u00famero de matr\u00edcula, curso e semestre. O curso tem um total de 30 horas e ter\u00e1 certifica\u00e7\u00e3o.<\/p>\n","protected":false},"excerpt":{"rendered":"<p>O Centro de Letras e Comunica\u00e7\u00e3o divulga inscri\u00e7\u00f5es para o curso &#8220;Re-ler Saussure: do CLG \u00e0s fontes manuscritas&#8221; ministrado pela doutoranda em Letras do PPGL da UFPel, Camila Pilotto. Os encontros ser\u00e3o de 11 de julho a 19 de setembro, &hellip; <a href=\"https:\/\/wp.ufpel.edu.br\/clc\/2023\/06\/28\/curso-re-ler-saussure-esta-com-inscricoes-abertas\/\">Continue lendo <span class=\"meta-nav\">&rarr;<\/span><\/a><\/p>\n","protected":false},"author":50,"featured_media":0,"comment_status":"closed","ping_status":"closed","sticky":false,"template":"","format":"standard","meta":{"footnotes":""},"categories":[33391,33392,1,33397],"tags":[],"class_list":["post-15198","post","type-post","status-publish","format-standard","hentry","category-alunos","category-cursos","category-notcias","category-pos-graduacao"],"jetpack_featured_media_url":"","_links":{"self":[{"href":"https:\/\/wp.ufpel.edu.br\/clc\/wp-json\/wp\/v2\/posts\/15198","targetHints":{"allow":["GET"]}}],"collection":[{"href":"https:\/\/wp.ufpel.edu.br\/clc\/wp-json\/wp\/v2\/posts"}],"about":[{"href":"https:\/\/wp.ufpel.edu.br\/clc\/wp-json\/wp\/v2\/types\/post"}],"author":[{"embeddable":true,"href":"https:\/\/wp.ufpel.edu.br\/clc\/wp-json\/wp\/v2\/users\/50"}],"replies":[{"embeddable":true,"href":"https:\/\/wp.ufpel.edu.br\/clc\/wp-json\/wp\/v2\/comments?post=15198"}],"version-history":[{"count":3,"href":"https:\/\/wp.ufpel.edu.br\/clc\/wp-json\/wp\/v2\/posts\/15198\/revisions"}],"predecessor-version":[{"id":15224,"href":"https:\/\/wp.ufpel.edu.br\/clc\/wp-json\/wp\/v2\/posts\/15198\/revisions\/15224"}],"wp:attachment":[{"href":"https:\/\/wp.ufpel.edu.br\/clc\/wp-json\/wp\/v2\/media?parent=15198"}],"wp:term":[{"taxonomy":"category","embeddable":true,"href":"https:\/\/wp.ufpel.edu.br\/clc\/wp-json\/wp\/v2\/categories?post=15198"},{"taxonomy":"post_tag","embeddable":true,"href":"https:\/\/wp.ufpel.edu.br\/clc\/wp-json\/wp\/v2\/tags?post=15198"}],"curies":[{"name":"wp","href":"https:\/\/api.w.org\/{rel}","templated":true}]}}