{"id":15183,"date":"2023-06-27T14:40:15","date_gmt":"2023-06-27T17:40:15","guid":{"rendered":"https:\/\/wp.ufpel.edu.br\/clc\/?p=15183"},"modified":"2023-06-27T14:41:23","modified_gmt":"2023-06-27T17:41:23","slug":"programa-idiomas-sem-fronteiras-divulga-lista-de-selecionados-lista-de-selecionados-para-os-cursos-de-ingles-e-alemao","status":"publish","type":"post","link":"https:\/\/wp.ufpel.edu.br\/clc\/2023\/06\/27\/programa-idiomas-sem-fronteiras-divulga-lista-de-selecionados-lista-de-selecionados-para-os-cursos-de-ingles-e-alemao\/","title":{"rendered":"Programa Idiomas Sem Fronteiras divulga lista de selecionados para os cursos de Ingl\u00eas e Alem\u00e3o"},"content":{"rendered":"<div class=\"\" data-block=\"true\" data-editor=\"bi8ev\" data-offset-key=\"tv1v-0-0\">\n<div class=\"_1mf _1mj\" style=\"text-align: justify;\" data-offset-key=\"tv1v-0-0\"><span style=\"font-size: 12pt;\" data-offset-key=\"tv1v-0-0\">A Rede Idiomas sem Fronteiras da UFPel divulga resultado referente as inscri\u00e7\u00f5es no cursos de L\u00edngua Inglesa e L\u00edngua Alem\u00e3. Confira abaixo a lista de selecionados! Para qualquer d\u00favida os alunos podem entrar em contato pelo Instagram: @isf.ufpel ou pelo e-mail: <a href=\"mailto:nucli.ufpel@programaisf.pro.br\" target=\"_blank\" rel=\"noopener\">nucli.ufpel@programaisf.pro.<wbr \/>br<\/a><\/span><\/div>\n<\/div>\n<div data-offset-key=\"tv1v-0-0\"><\/div>\n<div data-offset-key=\"tv1v-0-0\"><\/div>\n<div data-offset-key=\"tv1v-0-0\"><span style=\"font-size: 12pt;\"><a href=\"https:\/\/wp.ufpel.edu.br\/clc\/files\/2023\/06\/Lista-de-Alunos-Selecionados-Curso-IsF-Interacoes-Cotidianas-em-Lingua-Inglesa-A1-Turma-1-e-2.pdf\">Lista de Alunos Selecionados Curso IsF Intera\u00e7\u00f5es Cotidianas em L\u00edngua Inglesa (A1) Turma 1 e 2<\/a> <\/span><\/div>\n<div data-offset-key=\"tv1v-0-0\"><\/div>\n<div data-offset-key=\"tv1v-0-0\"><span style=\"font-size: 12pt;\"><a href=\"https:\/\/wp.ufpel.edu.br\/clc\/files\/2023\/06\/Lista-de-Alunos-Selecionados-Curso-IsF-Literatura-e-Cultura-dos-Paises-Falantes-de-Lingua-Alema-A1.pdf\">Lista de Alunos Selecionados Curso IsF Literatura e Cultura dos Pa\u00edses Falantes de L\u00edngua Alem\u00e3 (A1)<\/a><\/span><\/div>\n<div class=\"\" data-block=\"true\" data-editor=\"bi8ev\" data-offset-key=\"3a76d-0-0\"><\/div>\n","protected":false},"excerpt":{"rendered":"<p>A Rede Idiomas sem Fronteiras da UFPel divulga resultado referente as inscri\u00e7\u00f5es no cursos de L\u00edngua Inglesa e L\u00edngua Alem\u00e3. Confira abaixo a lista de selecionados! Para qualquer d\u00favida os alunos podem entrar em contato pelo Instagram: @isf.ufpel ou pelo &hellip; <a href=\"https:\/\/wp.ufpel.edu.br\/clc\/2023\/06\/27\/programa-idiomas-sem-fronteiras-divulga-lista-de-selecionados-lista-de-selecionados-para-os-cursos-de-ingles-e-alemao\/\">Continue lendo <span class=\"meta-nav\">&rarr;<\/span><\/a><\/p>\n","protected":false},"author":50,"featured_media":0,"comment_status":"closed","ping_status":"closed","sticky":false,"template":"","format":"standard","meta":{"footnotes":""},"categories":[1],"tags":[],"class_list":["post-15183","post","type-post","status-publish","format-standard","hentry","category-notcias"],"jetpack_featured_media_url":"","_links":{"self":[{"href":"https:\/\/wp.ufpel.edu.br\/clc\/wp-json\/wp\/v2\/posts\/15183","targetHints":{"allow":["GET"]}}],"collection":[{"href":"https:\/\/wp.ufpel.edu.br\/clc\/wp-json\/wp\/v2\/posts"}],"about":[{"href":"https:\/\/wp.ufpel.edu.br\/clc\/wp-json\/wp\/v2\/types\/post"}],"author":[{"embeddable":true,"href":"https:\/\/wp.ufpel.edu.br\/clc\/wp-json\/wp\/v2\/users\/50"}],"replies":[{"embeddable":true,"href":"https:\/\/wp.ufpel.edu.br\/clc\/wp-json\/wp\/v2\/comments?post=15183"}],"version-history":[{"count":2,"href":"https:\/\/wp.ufpel.edu.br\/clc\/wp-json\/wp\/v2\/posts\/15183\/revisions"}],"predecessor-version":[{"id":15188,"href":"https:\/\/wp.ufpel.edu.br\/clc\/wp-json\/wp\/v2\/posts\/15183\/revisions\/15188"}],"wp:attachment":[{"href":"https:\/\/wp.ufpel.edu.br\/clc\/wp-json\/wp\/v2\/media?parent=15183"}],"wp:term":[{"taxonomy":"category","embeddable":true,"href":"https:\/\/wp.ufpel.edu.br\/clc\/wp-json\/wp\/v2\/categories?post=15183"},{"taxonomy":"post_tag","embeddable":true,"href":"https:\/\/wp.ufpel.edu.br\/clc\/wp-json\/wp\/v2\/tags?post=15183"}],"curies":[{"name":"wp","href":"https:\/\/api.w.org\/{rel}","templated":true}]}}