{"id":14986,"date":"2023-06-12T14:43:31","date_gmt":"2023-06-12T17:43:31","guid":{"rendered":"https:\/\/wp.ufpel.edu.br\/clc\/?p=14986"},"modified":"2023-06-12T14:43:31","modified_gmt":"2023-06-12T17:43:31","slug":"selecao-para-professor-de-portugues-para-estrangeiros-no-nucli-ufpel-da-rede-idiomas-sem-fronteiras-isf-3","status":"publish","type":"post","link":"https:\/\/wp.ufpel.edu.br\/clc\/2023\/06\/12\/selecao-para-professor-de-portugues-para-estrangeiros-no-nucli-ufpel-da-rede-idiomas-sem-fronteiras-isf-3\/","title":{"rendered":"Sele\u00e7\u00e3o para Professor de Portugu\u00eas para Estrangeiros no NucLi-UFPel da Rede Idiomas sem Fronteiras (IsF)"},"content":{"rendered":"<p style=\"text-align: justify;\">A Coordenadora Administrativa do Idiomas sem Fronteiras (IsF) da Universidade Federal de Pelotas, no uso de suas atribui\u00e7\u00f5es legais, torna p\u00fablico o cronograma e demais procedimentos relativos ao Processo Seletivo Simplificado visando \u00e0 sele\u00e7\u00e3o de Professor de Portugu\u00eas para Estrangeiros para atuar junto \u00e0 Rede Andifes IsF \u2013NUCLi\/UFPel.<\/p>\n<p>Confira o edital: <a href=\"https:\/\/wp.ufpel.edu.br\/clc\/files\/2023\/06\/SEI_UFPel-2203703-Edital.pdf\">SEI_UFPel &#8211; 2203703 &#8211; Edital<\/a><\/p>\n<p>Podem participar da sele\u00e7\u00e3o:<\/p>\n<ul>\n<li style=\"text-align: justify;\">Alunos da institui\u00e7\u00e3o matriculados nos cursos de Licenciatura em Letras Portugu\u00eas e Espanhol, Portugu\u00eas e Franc\u00eas, Portugu\u00eas e Ingl\u00eas ou Letras Portugu\u00eas e Alem\u00e3o;<\/li>\n<li style=\"text-align: justify;\">Ser\u00e1 ofertada 01 (uma) vaga para alunos provenientes dos Cursos de Licenciatura em Letras citadas no item 1.1.1. atuarem na pr\u00e1tica de ensino de l\u00edngua e cultura de l\u00edngua portuguesa, por meio das a\u00e7\u00f5es vinculadas \u00e0 Rede Andifes IsF, sob a supervis\u00e3o e orienta\u00e7\u00e3o de docentes desta institui\u00e7\u00e3o credenciados \u00e0 Rede IsF;<\/li>\n<li style=\"text-align: justify;\">Na hip\u00f3tese de n\u00e3o haver candidato inscrito ou apto para alguma das vagas, poder\u00e1 haver aproveitamento de candidato habilitado de outra vaga.<\/li>\n<\/ul>\n","protected":false},"excerpt":{"rendered":"<p>A Coordenadora Administrativa do Idiomas sem Fronteiras (IsF) da Universidade Federal de Pelotas, no uso de suas atribui\u00e7\u00f5es legais, torna p\u00fablico o cronograma e demais procedimentos relativos ao Processo Seletivo Simplificado visando \u00e0 sele\u00e7\u00e3o de Professor de Portugu\u00eas para Estrangeiros &hellip; <a href=\"https:\/\/wp.ufpel.edu.br\/clc\/2023\/06\/12\/selecao-para-professor-de-portugues-para-estrangeiros-no-nucli-ufpel-da-rede-idiomas-sem-fronteiras-isf-3\/\">Continue lendo <span class=\"meta-nav\">&rarr;<\/span><\/a><\/p>\n","protected":false},"author":50,"featured_media":0,"comment_status":"closed","ping_status":"closed","sticky":false,"template":"","format":"standard","meta":{"footnotes":""},"categories":[1],"tags":[],"class_list":["post-14986","post","type-post","status-publish","format-standard","hentry","category-notcias"],"jetpack_featured_media_url":"","_links":{"self":[{"href":"https:\/\/wp.ufpel.edu.br\/clc\/wp-json\/wp\/v2\/posts\/14986","targetHints":{"allow":["GET"]}}],"collection":[{"href":"https:\/\/wp.ufpel.edu.br\/clc\/wp-json\/wp\/v2\/posts"}],"about":[{"href":"https:\/\/wp.ufpel.edu.br\/clc\/wp-json\/wp\/v2\/types\/post"}],"author":[{"embeddable":true,"href":"https:\/\/wp.ufpel.edu.br\/clc\/wp-json\/wp\/v2\/users\/50"}],"replies":[{"embeddable":true,"href":"https:\/\/wp.ufpel.edu.br\/clc\/wp-json\/wp\/v2\/comments?post=14986"}],"version-history":[{"count":1,"href":"https:\/\/wp.ufpel.edu.br\/clc\/wp-json\/wp\/v2\/posts\/14986\/revisions"}],"predecessor-version":[{"id":14989,"href":"https:\/\/wp.ufpel.edu.br\/clc\/wp-json\/wp\/v2\/posts\/14986\/revisions\/14989"}],"wp:attachment":[{"href":"https:\/\/wp.ufpel.edu.br\/clc\/wp-json\/wp\/v2\/media?parent=14986"}],"wp:term":[{"taxonomy":"category","embeddable":true,"href":"https:\/\/wp.ufpel.edu.br\/clc\/wp-json\/wp\/v2\/categories?post=14986"},{"taxonomy":"post_tag","embeddable":true,"href":"https:\/\/wp.ufpel.edu.br\/clc\/wp-json\/wp\/v2\/tags?post=14986"}],"curies":[{"name":"wp","href":"https:\/\/api.w.org\/{rel}","templated":true}]}}