{"id":14981,"date":"2023-06-12T14:26:54","date_gmt":"2023-06-12T17:26:54","guid":{"rendered":"https:\/\/wp.ufpel.edu.br\/clc\/?p=14981"},"modified":"2023-06-12T14:26:54","modified_gmt":"2023-06-12T17:26:54","slug":"oficinas-de-leitura-do-texto-multimodal-recebe-inscricoes","status":"publish","type":"post","link":"https:\/\/wp.ufpel.edu.br\/clc\/2023\/06\/12\/oficinas-de-leitura-do-texto-multimodal-recebe-inscricoes\/","title":{"rendered":"Oficinas de Leitura do texto Multimodal recebe inscri\u00e7\u00f5es"},"content":{"rendered":"<div dir=\"auto\"><a href=\"https:\/\/wp.ufpel.edu.br\/clc\/files\/2023\/06\/Oficinas-de-leitura-do-texto-multimodal.jpg\"><img loading=\"lazy\" decoding=\"async\" class=\"aligncenter size-full wp-image-14978\" src=\"https:\/\/wp.ufpel.edu.br\/clc\/files\/2023\/06\/Oficinas-de-leitura-do-texto-multimodal.jpg\" alt=\"\" width=\"1134\" height=\"1134\" srcset=\"https:\/\/wp.ufpel.edu.br\/clc\/files\/2023\/06\/Oficinas-de-leitura-do-texto-multimodal.jpg 1134w, https:\/\/wp.ufpel.edu.br\/clc\/files\/2023\/06\/Oficinas-de-leitura-do-texto-multimodal-318x318.jpg 318w, https:\/\/wp.ufpel.edu.br\/clc\/files\/2023\/06\/Oficinas-de-leitura-do-texto-multimodal-159x159.jpg 159w, https:\/\/wp.ufpel.edu.br\/clc\/files\/2023\/06\/Oficinas-de-leitura-do-texto-multimodal-768x768.jpg 768w\" sizes=\"auto, (max-width: 1134px) 100vw, 1134px\" \/><\/a><\/div>\n<div dir=\"auto\" style=\"text-align: justify;\"><span style=\"font-size: 12pt;\">O Projeto de Extens\u00e3o: &#8220;Oficinas de Leitura do Texto Multimodal&#8221; \u00e9 uma proposta voltada aos licenciandos de Letras e visa n\u00e3o s\u00f3 contribuir na forma\u00e7\u00e3o inicial de professores de L\u00edngua Portuguesa como tamb\u00e9m oportunizar pr\u00e1ticas de leitura para estudantes do Ensino Fundamental de escolas p\u00fablicas da regi\u00e3o. O projeto, portanto, est\u00e1 dividido em dois momentos: no primeiro, os estudantes participar\u00e3o das oficinas e aprender\u00e3o estrat\u00e9gias de trabalho com o(s) texto(s) multimodal (ais); e, em um segundo momento esses estudantes (licenciandos) atuar\u00e3o como ministrantes de oficinas para estudantes da educa\u00e7\u00e3o b\u00e1sica de escolas parceiras. A a\u00e7\u00e3o far\u00e1 parte do Programa de Extens\u00e3o em L\u00edngua Portuguesa e Literatura.<\/span><\/div>\n<div dir=\"auto\"><\/div>\n<div dir=\"auto\" style=\"text-align: justify;\"><span style=\"font-size: 12pt;\">Os encontros ser\u00e3o semanais, todas as quartas-feiras das 17h \u00e0s 18:50, em local a confirmar. <\/span><span style=\"font-size: 12pt;\">S\u00e3o oferecidas trinta vagas, preenchidas na ordem de inscri\u00e7\u00e3o. A lista de confirma\u00e7\u00e3o dos participantes ser\u00e1 divulgada dia 23\/06.\u00a0 <\/span><span style=\"font-size: 12pt;\">Os encontros come\u00e7am dia 28\/06 e acompanham o calend\u00e1rio acad\u00eamico e a oficina possui uma carga hor\u00e1ria total de 60h.<\/span><\/div>\n<div dir=\"auto\"><\/div>\n<div dir=\"auto\"><span style=\"font-size: 12pt;\"><a href=\"https:\/\/docs.google.com\/forms\/d\/e\/1FAIpQLSd3Lpb50l2cxeKTCScAGkIJukyeTSY6F3XUYC0_CY7Ud9Dx1w\/viewform\">Inscreva-se!<\/a><\/span><\/div>\n","protected":false},"excerpt":{"rendered":"<p>O Projeto de Extens\u00e3o: &#8220;Oficinas de Leitura do Texto Multimodal&#8221; \u00e9 uma proposta voltada aos licenciandos de Letras e visa n\u00e3o s\u00f3 contribuir na forma\u00e7\u00e3o inicial de professores de L\u00edngua Portuguesa como tamb\u00e9m oportunizar pr\u00e1ticas de leitura para estudantes do &hellip; <a href=\"https:\/\/wp.ufpel.edu.br\/clc\/2023\/06\/12\/oficinas-de-leitura-do-texto-multimodal-recebe-inscricoes\/\">Continue lendo <span class=\"meta-nav\">&rarr;<\/span><\/a><\/p>\n","protected":false},"author":50,"featured_media":0,"comment_status":"closed","ping_status":"closed","sticky":false,"template":"","format":"standard","meta":{"footnotes":""},"categories":[33391,1],"tags":[],"class_list":["post-14981","post","type-post","status-publish","format-standard","hentry","category-alunos","category-notcias"],"jetpack_featured_media_url":"","_links":{"self":[{"href":"https:\/\/wp.ufpel.edu.br\/clc\/wp-json\/wp\/v2\/posts\/14981","targetHints":{"allow":["GET"]}}],"collection":[{"href":"https:\/\/wp.ufpel.edu.br\/clc\/wp-json\/wp\/v2\/posts"}],"about":[{"href":"https:\/\/wp.ufpel.edu.br\/clc\/wp-json\/wp\/v2\/types\/post"}],"author":[{"embeddable":true,"href":"https:\/\/wp.ufpel.edu.br\/clc\/wp-json\/wp\/v2\/users\/50"}],"replies":[{"embeddable":true,"href":"https:\/\/wp.ufpel.edu.br\/clc\/wp-json\/wp\/v2\/comments?post=14981"}],"version-history":[{"count":3,"href":"https:\/\/wp.ufpel.edu.br\/clc\/wp-json\/wp\/v2\/posts\/14981\/revisions"}],"predecessor-version":[{"id":14985,"href":"https:\/\/wp.ufpel.edu.br\/clc\/wp-json\/wp\/v2\/posts\/14981\/revisions\/14985"}],"wp:attachment":[{"href":"https:\/\/wp.ufpel.edu.br\/clc\/wp-json\/wp\/v2\/media?parent=14981"}],"wp:term":[{"taxonomy":"category","embeddable":true,"href":"https:\/\/wp.ufpel.edu.br\/clc\/wp-json\/wp\/v2\/categories?post=14981"},{"taxonomy":"post_tag","embeddable":true,"href":"https:\/\/wp.ufpel.edu.br\/clc\/wp-json\/wp\/v2\/tags?post=14981"}],"curies":[{"name":"wp","href":"https:\/\/api.w.org\/{rel}","templated":true}]}}