{"id":14818,"date":"2023-05-11T15:20:01","date_gmt":"2023-05-11T18:20:01","guid":{"rendered":"https:\/\/wp.ufpel.edu.br\/clc\/?p=14818"},"modified":"2023-05-11T15:35:12","modified_gmt":"2023-05-11T18:35:12","slug":"cursos-de-linguas-recebem-inscricoes-para-ministrantes","status":"publish","type":"post","link":"https:\/\/wp.ufpel.edu.br\/clc\/2023\/05\/11\/cursos-de-linguas-recebem-inscricoes-para-ministrantes\/","title":{"rendered":"Cursos de L\u00ednguas recebem inscri\u00e7\u00f5es para ministrantes"},"content":{"rendered":"<p dir=\"ltr\" style=\"text-align: justify;\" role=\"presentation\"><a href=\"https:\/\/wp.ufpel.edu.br\/clc\/files\/2023\/05\/Frame-16.png\"><img loading=\"lazy\" decoding=\"async\" class=\"aligncenter wp-image-14820\" src=\"https:\/\/wp.ufpel.edu.br\/clc\/files\/2023\/05\/Frame-16.png\" alt=\"\" width=\"485\" height=\"593\" srcset=\"https:\/\/wp.ufpel.edu.br\/clc\/files\/2023\/05\/Frame-16.png 1080w, https:\/\/wp.ufpel.edu.br\/clc\/files\/2023\/05\/Frame-16-260x318.png 260w, https:\/\/wp.ufpel.edu.br\/clc\/files\/2023\/05\/Frame-16-130x159.png 130w, https:\/\/wp.ufpel.edu.br\/clc\/files\/2023\/05\/Frame-16-768x939.png 768w\" sizes=\"auto, (max-width: 485px) 100vw, 485px\" \/><\/a>O projeto de extens\u00e3o Cursos de L\u00ednguas abriu inscri\u00e7\u00f5es para sele\u00e7\u00e3o de ministrantes de todas as l\u00ednguas estrangeiras, de<b> 11\/05 a 31\/05\/23<\/b>, \u00e0s 14h. O aluno precisa estar cursando no m\u00ednimo o terceiro semestre da l\u00edngua pretendida no Calend\u00e1rio Acad\u00eamico UFPel 2023\/1. A sele\u00e7\u00e3o poder\u00e1 ser renovada para 2024.<\/p>\n<p dir=\"ltr\" role=\"presentation\"><a href=\"https:\/\/wp.ufpel.edu.br\/clc\/files\/2023\/05\/Edital-4_2023-selecao-ministrantes-2023-2.pdf\">Edital 4_2023 sele\u00e7\u00e3o ministrantes 2023-2<\/a><\/p>\n<p dir=\"ltr\" style=\"text-align: justify;\" role=\"presentation\">A modalidade dos cursos poder\u00e1 ser presencial ou online, a depender da turma para a qual o(a) ministrante ser\u00e1 designado. Trata-se de uma oportunidade para licenciandos terem experi\u00eancias docentes neste projeto de extens\u00e3o reconhecido na comunidade local. Os Cursos de L\u00ednguas t\u00eam a organiza\u00e7\u00e3o da C\u00e2mara de Extens\u00e3o (CaExt) do Centro de Letras e Comunica\u00e7\u00e3o (CLC).<\/p>\n","protected":false},"excerpt":{"rendered":"<p>O projeto de extens\u00e3o Cursos de L\u00ednguas abriu inscri\u00e7\u00f5es para sele\u00e7\u00e3o de ministrantes de todas as l\u00ednguas estrangeiras, de 11\/05 a 31\/05\/23, \u00e0s 14h. O aluno precisa estar cursando no m\u00ednimo o terceiro semestre da l\u00edngua pretendida no Calend\u00e1rio Acad\u00eamico &hellip; <a href=\"https:\/\/wp.ufpel.edu.br\/clc\/2023\/05\/11\/cursos-de-linguas-recebem-inscricoes-para-ministrantes\/\">Continue lendo <span class=\"meta-nav\">&rarr;<\/span><\/a><\/p>\n","protected":false},"author":50,"featured_media":0,"comment_status":"closed","ping_status":"closed","sticky":false,"template":"","format":"standard","meta":{"footnotes":""},"categories":[33380,33385],"tags":[],"class_list":["post-14818","post","type-post","status-publish","format-standard","hentry","category-camara-de-extensao","category-editais-e-resultados"],"jetpack_featured_media_url":"","_links":{"self":[{"href":"https:\/\/wp.ufpel.edu.br\/clc\/wp-json\/wp\/v2\/posts\/14818","targetHints":{"allow":["GET"]}}],"collection":[{"href":"https:\/\/wp.ufpel.edu.br\/clc\/wp-json\/wp\/v2\/posts"}],"about":[{"href":"https:\/\/wp.ufpel.edu.br\/clc\/wp-json\/wp\/v2\/types\/post"}],"author":[{"embeddable":true,"href":"https:\/\/wp.ufpel.edu.br\/clc\/wp-json\/wp\/v2\/users\/50"}],"replies":[{"embeddable":true,"href":"https:\/\/wp.ufpel.edu.br\/clc\/wp-json\/wp\/v2\/comments?post=14818"}],"version-history":[{"count":3,"href":"https:\/\/wp.ufpel.edu.br\/clc\/wp-json\/wp\/v2\/posts\/14818\/revisions"}],"predecessor-version":[{"id":14824,"href":"https:\/\/wp.ufpel.edu.br\/clc\/wp-json\/wp\/v2\/posts\/14818\/revisions\/14824"}],"wp:attachment":[{"href":"https:\/\/wp.ufpel.edu.br\/clc\/wp-json\/wp\/v2\/media?parent=14818"}],"wp:term":[{"taxonomy":"category","embeddable":true,"href":"https:\/\/wp.ufpel.edu.br\/clc\/wp-json\/wp\/v2\/categories?post=14818"},{"taxonomy":"post_tag","embeddable":true,"href":"https:\/\/wp.ufpel.edu.br\/clc\/wp-json\/wp\/v2\/tags?post=14818"}],"curies":[{"name":"wp","href":"https:\/\/api.w.org\/{rel}","templated":true}]}}