{"id":14814,"date":"2023-05-10T17:53:45","date_gmt":"2023-05-10T20:53:45","guid":{"rendered":"https:\/\/wp.ufpel.edu.br\/clc\/?p=14814"},"modified":"2023-05-10T17:53:45","modified_gmt":"2023-05-10T20:53:45","slug":"redacao-e-revisao-de-textos-realiza-atividade-pratica-em-laboratorio","status":"publish","type":"post","link":"https:\/\/wp.ufpel.edu.br\/clc\/2023\/05\/10\/redacao-e-revisao-de-textos-realiza-atividade-pratica-em-laboratorio\/","title":{"rendered":"Reda\u00e7\u00e3o e Revis\u00e3o de Textos realiza atividade pr\u00e1tica em laborat\u00f3rio"},"content":{"rendered":"<p><a href=\"https:\/\/wp.ufpel.edu.br\/clc\/files\/2023\/05\/IMG-20230510-WA0014.jpg\"><img loading=\"lazy\" decoding=\"async\" class=\"aligncenter wp-image-14816 size-full\" src=\"https:\/\/wp.ufpel.edu.br\/clc\/files\/2023\/05\/IMG-20230510-WA0014-e1683751731401.jpg\" alt=\"\" width=\"1560\" height=\"820\" srcset=\"https:\/\/wp.ufpel.edu.br\/clc\/files\/2023\/05\/IMG-20230510-WA0014-e1683751731401.jpg 1560w, https:\/\/wp.ufpel.edu.br\/clc\/files\/2023\/05\/IMG-20230510-WA0014-e1683751731401-424x223.jpg 424w, https:\/\/wp.ufpel.edu.br\/clc\/files\/2023\/05\/IMG-20230510-WA0014-e1683751731401-212x111.jpg 212w, https:\/\/wp.ufpel.edu.br\/clc\/files\/2023\/05\/IMG-20230510-WA0014-e1683751731401-768x404.jpg 768w, https:\/\/wp.ufpel.edu.br\/clc\/files\/2023\/05\/IMG-20230510-WA0014-e1683751731401-1536x807.jpg 1536w\" sizes=\"auto, (max-width: 1560px) 100vw, 1560px\" \/><\/a><\/p>\n<p style=\"text-align: justify;\">Grupo de alunos do curso de Reda\u00e7\u00e3o e Revis\u00e3o de Textos realiza atividade pr\u00e1tica de revis\u00e3o de textos, coordenada pela professora Sandra Alves. Os encontros acontecem toda semana no laborat\u00f3rio de Webjornalismo do CLC.<\/p>\n","protected":false},"excerpt":{"rendered":"<p>Grupo de alunos do curso de Reda\u00e7\u00e3o e Revis\u00e3o de Textos realiza atividade pr\u00e1tica de revis\u00e3o de textos, coordenada pela professora Sandra Alves. Os encontros acontecem toda semana no laborat\u00f3rio de Webjornalismo do CLC.<\/p>\n","protected":false},"author":50,"featured_media":0,"comment_status":"closed","ping_status":"closed","sticky":false,"template":"","format":"standard","meta":{"footnotes":""},"categories":[1],"tags":[],"class_list":["post-14814","post","type-post","status-publish","format-standard","hentry","category-notcias"],"jetpack_featured_media_url":"","_links":{"self":[{"href":"https:\/\/wp.ufpel.edu.br\/clc\/wp-json\/wp\/v2\/posts\/14814","targetHints":{"allow":["GET"]}}],"collection":[{"href":"https:\/\/wp.ufpel.edu.br\/clc\/wp-json\/wp\/v2\/posts"}],"about":[{"href":"https:\/\/wp.ufpel.edu.br\/clc\/wp-json\/wp\/v2\/types\/post"}],"author":[{"embeddable":true,"href":"https:\/\/wp.ufpel.edu.br\/clc\/wp-json\/wp\/v2\/users\/50"}],"replies":[{"embeddable":true,"href":"https:\/\/wp.ufpel.edu.br\/clc\/wp-json\/wp\/v2\/comments?post=14814"}],"version-history":[{"count":1,"href":"https:\/\/wp.ufpel.edu.br\/clc\/wp-json\/wp\/v2\/posts\/14814\/revisions"}],"predecessor-version":[{"id":14817,"href":"https:\/\/wp.ufpel.edu.br\/clc\/wp-json\/wp\/v2\/posts\/14814\/revisions\/14817"}],"wp:attachment":[{"href":"https:\/\/wp.ufpel.edu.br\/clc\/wp-json\/wp\/v2\/media?parent=14814"}],"wp:term":[{"taxonomy":"category","embeddable":true,"href":"https:\/\/wp.ufpel.edu.br\/clc\/wp-json\/wp\/v2\/categories?post=14814"},{"taxonomy":"post_tag","embeddable":true,"href":"https:\/\/wp.ufpel.edu.br\/clc\/wp-json\/wp\/v2\/tags?post=14814"}],"curies":[{"name":"wp","href":"https:\/\/api.w.org\/{rel}","templated":true}]}}