{"id":14802,"date":"2023-05-09T15:54:48","date_gmt":"2023-05-09T18:54:48","guid":{"rendered":"https:\/\/wp.ufpel.edu.br\/clc\/?p=14802"},"modified":"2023-05-09T16:09:14","modified_gmt":"2023-05-09T19:09:14","slug":"cafe-de-encerramento-sera-dia-11-de-maio-gepla","status":"publish","type":"post","link":"https:\/\/wp.ufpel.edu.br\/clc\/2023\/05\/09\/cafe-de-encerramento-sera-dia-11-de-maio-gepla\/","title":{"rendered":"Caf\u00e9 de encerramento ser\u00e1 dia 11 de maio &#8211; GEPLA"},"content":{"rendered":"<p style=\"text-align: justify;\">Venha participar do Caf\u00e9 do GEPLA com a gente!<\/p>\n<p>O Grupo de Estudos em Portugu\u00eas como L\u00edngua Adicional (GEPLA) da Universidade Federal de Pelotas (UFPel) convida a todos para participarem de um caf\u00e9 em seu \u00faltimo encontro presencial do primeiro semestre de 2023. Ocorrer\u00e1 no dia 11 de maio \u00e0s 10h30 no Corredor do DA no Anglo.<\/p>\n<p style=\"text-align: justify;\">Nossas atividades regulares reiniciar\u00e3o em junho de 2023. Para mais informa\u00e7\u00f5es, entre em contato pelo e-mail <a href=\"mailto:geplaufpel@gmail.com\" target=\"_blank\" rel=\"noopener\">geplaufpel@gmail.com<\/a><\/p>\n<p><a href=\"https:\/\/wp.ufpel.edu.br\/clc\/files\/2023\/05\/Cafe-do-GEPLA.png\"><img loading=\"lazy\" decoding=\"async\" class=\"aligncenter size-full wp-image-14809\" src=\"https:\/\/wp.ufpel.edu.br\/clc\/files\/2023\/05\/Cafe-do-GEPLA.png\" alt=\"\" width=\"1080\" height=\"1080\" srcset=\"https:\/\/wp.ufpel.edu.br\/clc\/files\/2023\/05\/Cafe-do-GEPLA.png 1080w, https:\/\/wp.ufpel.edu.br\/clc\/files\/2023\/05\/Cafe-do-GEPLA-318x318.png 318w, https:\/\/wp.ufpel.edu.br\/clc\/files\/2023\/05\/Cafe-do-GEPLA-159x159.png 159w, https:\/\/wp.ufpel.edu.br\/clc\/files\/2023\/05\/Cafe-do-GEPLA-768x768.png 768w\" sizes=\"auto, (max-width: 1080px) 100vw, 1080px\" \/><\/a><\/p>\n","protected":false},"excerpt":{"rendered":"<p>Venha participar do Caf\u00e9 do GEPLA com a gente! O Grupo de Estudos em Portugu\u00eas como L\u00edngua Adicional (GEPLA) da Universidade Federal de Pelotas (UFPel) convida a todos para participarem de um caf\u00e9 em seu \u00faltimo encontro presencial do primeiro &hellip; <a href=\"https:\/\/wp.ufpel.edu.br\/clc\/2023\/05\/09\/cafe-de-encerramento-sera-dia-11-de-maio-gepla\/\">Continue lendo <span class=\"meta-nav\">&rarr;<\/span><\/a><\/p>\n","protected":false},"author":50,"featured_media":0,"comment_status":"closed","ping_status":"closed","sticky":false,"template":"","format":"standard","meta":{"footnotes":""},"categories":[1],"tags":[],"class_list":["post-14802","post","type-post","status-publish","format-standard","hentry","category-notcias"],"jetpack_featured_media_url":"","_links":{"self":[{"href":"https:\/\/wp.ufpel.edu.br\/clc\/wp-json\/wp\/v2\/posts\/14802","targetHints":{"allow":["GET"]}}],"collection":[{"href":"https:\/\/wp.ufpel.edu.br\/clc\/wp-json\/wp\/v2\/posts"}],"about":[{"href":"https:\/\/wp.ufpel.edu.br\/clc\/wp-json\/wp\/v2\/types\/post"}],"author":[{"embeddable":true,"href":"https:\/\/wp.ufpel.edu.br\/clc\/wp-json\/wp\/v2\/users\/50"}],"replies":[{"embeddable":true,"href":"https:\/\/wp.ufpel.edu.br\/clc\/wp-json\/wp\/v2\/comments?post=14802"}],"version-history":[{"count":4,"href":"https:\/\/wp.ufpel.edu.br\/clc\/wp-json\/wp\/v2\/posts\/14802\/revisions"}],"predecessor-version":[{"id":14813,"href":"https:\/\/wp.ufpel.edu.br\/clc\/wp-json\/wp\/v2\/posts\/14802\/revisions\/14813"}],"wp:attachment":[{"href":"https:\/\/wp.ufpel.edu.br\/clc\/wp-json\/wp\/v2\/media?parent=14802"}],"wp:term":[{"taxonomy":"category","embeddable":true,"href":"https:\/\/wp.ufpel.edu.br\/clc\/wp-json\/wp\/v2\/categories?post=14802"},{"taxonomy":"post_tag","embeddable":true,"href":"https:\/\/wp.ufpel.edu.br\/clc\/wp-json\/wp\/v2\/tags?post=14802"}],"curies":[{"name":"wp","href":"https:\/\/api.w.org\/{rel}","templated":true}]}}