{"id":14537,"date":"2023-03-22T15:07:27","date_gmt":"2023-03-22T18:07:27","guid":{"rendered":"https:\/\/wp.ufpel.edu.br\/clc\/?p=14537"},"modified":"2023-03-22T15:13:19","modified_gmt":"2023-03-22T18:13:19","slug":"festival-universitario-de-cultura-e-arte-do-lado-sul-do-mapa","status":"publish","type":"post","link":"https:\/\/wp.ufpel.edu.br\/clc\/2023\/03\/22\/festival-universitario-de-cultura-e-arte-do-lado-sul-do-mapa\/","title":{"rendered":"Festival Universit\u00e1rio de Cultura e Arte &#8220;Do Lado Sul do Mapa&#8221;"},"content":{"rendered":"<p><em>Divulga\u00e7\u00e3o a pedido da Uni\u00e3o Estadual dos Estudantes do RS<\/em><\/p>\n<p style=\"text-align: justify\">A cultura no RS \u00e9 mais do que aquilo que nos contam! Foi escrita pela resist\u00eancia dos invisibilizados e est\u00e1 presente todos os dias naquilo que nos movimenta. No chimarr\u00e3o dos finais de tarde &#8211; heran\u00e7a dos nossos povos nativos-, na cultura afro-ga\u00facha que resiste, vive e pulsa em cada roda de capoeira, cada <em>slam<\/em>, cada quilombo, cada terreiro e roda de samba do nosso estado.<\/p>\n<p style=\"text-align: justify\">Al\u00e9m de valorizar a produ\u00e7\u00e3o universit\u00e1ria, o festival ir\u00e1 abordar as ra\u00edzes culturais do nosso Estado, resgatando a marca dos povos ind\u00edgenas e negros na cultura ga\u00facha e valorizando a verdadeira hist\u00f3ria da forma\u00e7\u00e3o do Rio Grande do Sul.<\/p>\n<p style=\"text-align: justify\">O festival ocorrer\u00e1 entre os dias 31 de mar\u00e7o e 2 de abril em Porto Alegre, com estrutura de alojamento para estudantes de todo RS. Teremos diversos debates e mostras universit\u00e1rias de fotografia, m\u00fasica, artes c\u00eanicas e visuais, literatura e feiras.<\/p>\n<p style=\"text-align: justify\">Link de inscri\u00e7\u00e3o: <a href=\"https:\/\/forms.gle\/Ud1kjnUxNTpxU2pS7\">https:\/\/forms.gle\/Ud1kjnUxNTpxU2pS7<\/a><\/p>\n<p style=\"text-align: justify\"><a href=\"https:\/\/docs.google.com\/document\/d\/1j758sZJn6RdqDM2WxfnySv0h2BniP-nsssfCn2kbqPQ\/edit?usp=sharing\">Acesse o Regulamento<\/a><\/p>\n<div id='gallery-1' class='gallery galleryid-14537 gallery-columns-2 gallery-size-medium'><dl class='gallery-item'>\n\t\t\t<dt class='gallery-icon portrait'>\n\t\t\t\t<a href='https:\/\/wp.ufpel.edu.br\/clc\/files\/2023\/03\/WhatsApp-Image-2023-03-22-at-14.37.52.jpeg'><img loading=\"lazy\" decoding=\"async\" width=\"254\" height=\"318\" src=\"https:\/\/wp.ufpel.edu.br\/clc\/files\/2023\/03\/WhatsApp-Image-2023-03-22-at-14.37.52-254x318.jpeg\" class=\"attachment-medium size-medium\" alt=\"\" srcset=\"https:\/\/wp.ufpel.edu.br\/clc\/files\/2023\/03\/WhatsApp-Image-2023-03-22-at-14.37.52-254x318.jpeg 254w, https:\/\/wp.ufpel.edu.br\/clc\/files\/2023\/03\/WhatsApp-Image-2023-03-22-at-14.37.52-127x159.jpeg 127w, https:\/\/wp.ufpel.edu.br\/clc\/files\/2023\/03\/WhatsApp-Image-2023-03-22-at-14.37.52-768x960.jpeg 768w, https:\/\/wp.ufpel.edu.br\/clc\/files\/2023\/03\/WhatsApp-Image-2023-03-22-at-14.37.52.jpeg 1080w\" sizes=\"auto, (max-width: 254px) 100vw, 254px\" \/><\/a>\n\t\t\t<\/dt><\/dl><dl class='gallery-item'>\n\t\t\t<dt class='gallery-icon portrait'>\n\t\t\t\t<a href='https:\/\/wp.ufpel.edu.br\/clc\/files\/2023\/03\/WhatsApp-Image-2023-03-22-at-14.37.51.jpeg'><img loading=\"lazy\" decoding=\"async\" width=\"254\" height=\"318\" src=\"https:\/\/wp.ufpel.edu.br\/clc\/files\/2023\/03\/WhatsApp-Image-2023-03-22-at-14.37.51-254x318.jpeg\" class=\"attachment-medium size-medium\" alt=\"\" srcset=\"https:\/\/wp.ufpel.edu.br\/clc\/files\/2023\/03\/WhatsApp-Image-2023-03-22-at-14.37.51-254x318.jpeg 254w, https:\/\/wp.ufpel.edu.br\/clc\/files\/2023\/03\/WhatsApp-Image-2023-03-22-at-14.37.51-127x159.jpeg 127w, https:\/\/wp.ufpel.edu.br\/clc\/files\/2023\/03\/WhatsApp-Image-2023-03-22-at-14.37.51-768x960.jpeg 768w, https:\/\/wp.ufpel.edu.br\/clc\/files\/2023\/03\/WhatsApp-Image-2023-03-22-at-14.37.51.jpeg 1080w\" sizes=\"auto, (max-width: 254px) 100vw, 254px\" \/><\/a>\n\t\t\t<\/dt><\/dl><br style=\"clear: both\" \/>\n\t\t<\/div>\n\n","protected":false},"excerpt":{"rendered":"<p>Divulga\u00e7\u00e3o a pedido da Uni\u00e3o Estadual dos Estudantes do RS A cultura no RS \u00e9 mais do que aquilo que nos contam! Foi escrita pela resist\u00eancia dos invisibilizados e est\u00e1 presente todos os dias naquilo que nos movimenta. No chimarr\u00e3o &hellip; <a href=\"https:\/\/wp.ufpel.edu.br\/clc\/2023\/03\/22\/festival-universitario-de-cultura-e-arte-do-lado-sul-do-mapa\/\">Continue lendo <span class=\"meta-nav\">&rarr;<\/span><\/a><\/p>\n","protected":false},"author":50,"featured_media":0,"comment_status":"closed","ping_status":"closed","sticky":false,"template":"","format":"standard","meta":{"footnotes":""},"categories":[33386,1],"tags":[],"class_list":["post-14537","post","type-post","status-publish","format-standard","hentry","category-eventos","category-notcias"],"jetpack_featured_media_url":"","_links":{"self":[{"href":"https:\/\/wp.ufpel.edu.br\/clc\/wp-json\/wp\/v2\/posts\/14537","targetHints":{"allow":["GET"]}}],"collection":[{"href":"https:\/\/wp.ufpel.edu.br\/clc\/wp-json\/wp\/v2\/posts"}],"about":[{"href":"https:\/\/wp.ufpel.edu.br\/clc\/wp-json\/wp\/v2\/types\/post"}],"author":[{"embeddable":true,"href":"https:\/\/wp.ufpel.edu.br\/clc\/wp-json\/wp\/v2\/users\/50"}],"replies":[{"embeddable":true,"href":"https:\/\/wp.ufpel.edu.br\/clc\/wp-json\/wp\/v2\/comments?post=14537"}],"version-history":[{"count":3,"href":"https:\/\/wp.ufpel.edu.br\/clc\/wp-json\/wp\/v2\/posts\/14537\/revisions"}],"predecessor-version":[{"id":14543,"href":"https:\/\/wp.ufpel.edu.br\/clc\/wp-json\/wp\/v2\/posts\/14537\/revisions\/14543"}],"wp:attachment":[{"href":"https:\/\/wp.ufpel.edu.br\/clc\/wp-json\/wp\/v2\/media?parent=14537"}],"wp:term":[{"taxonomy":"category","embeddable":true,"href":"https:\/\/wp.ufpel.edu.br\/clc\/wp-json\/wp\/v2\/categories?post=14537"},{"taxonomy":"post_tag","embeddable":true,"href":"https:\/\/wp.ufpel.edu.br\/clc\/wp-json\/wp\/v2\/tags?post=14537"}],"curies":[{"name":"wp","href":"https:\/\/api.w.org\/{rel}","templated":true}]}}