{"id":14026,"date":"2022-11-10T16:56:05","date_gmt":"2022-11-10T19:56:05","guid":{"rendered":"https:\/\/wp.ufpel.edu.br\/clc\/?p=14026"},"modified":"2022-11-10T16:56:05","modified_gmt":"2022-11-10T19:56:05","slug":"convite-para-lancamento-de-livro-2","status":"publish","type":"post","link":"https:\/\/wp.ufpel.edu.br\/clc\/2022\/11\/10\/convite-para-lancamento-de-livro-2\/","title":{"rendered":"Convite para lan\u00e7amento de livro"},"content":{"rendered":"<p style=\"text-align: justify\"><a href=\"https:\/\/wp.ufpel.edu.br\/clc\/files\/2022\/11\/Lancamento-Pelotas.jpg\"><img loading=\"lazy\" decoding=\"async\" class=\"size-full wp-image-14028 aligncenter\" src=\"https:\/\/wp.ufpel.edu.br\/clc\/files\/2022\/11\/Lancamento-Pelotas.jpg\" alt=\"\" width=\"960\" height=\"720\" srcset=\"https:\/\/wp.ufpel.edu.br\/clc\/files\/2022\/11\/Lancamento-Pelotas.jpg 960w, https:\/\/wp.ufpel.edu.br\/clc\/files\/2022\/11\/Lancamento-Pelotas-424x318.jpg 424w, https:\/\/wp.ufpel.edu.br\/clc\/files\/2022\/11\/Lancamento-Pelotas-212x159.jpg 212w, https:\/\/wp.ufpel.edu.br\/clc\/files\/2022\/11\/Lancamento-Pelotas-768x576.jpg 768w\" sizes=\"auto, (max-width: 960px) 100vw, 960px\" \/><\/a><\/p>\n<p style=\"text-align: justify\">Nesta sexta-feira, teremos o lan\u00e7amento do mais recente livro de poesias de Gustavo Henrique R\u00fcckert, professor Adjunto de Literaturas em L\u00edngua Portuguesa na Universidade Federal de Pelotas (UFPel).<\/p>\n<p style=\"text-align: justify\">O lan\u00e7amento de &#8220;Ser\u00e3o as rosas vermelhas no escuro&#8221; contar\u00e1 com sess\u00e3o de aut\u00f3grafos. Prestigie!<\/p>\n<p style=\"text-align: justify\"><strong>Data: 11\/11\/22<\/strong><br \/>\n<strong>Hor\u00e1rio: 19h<\/strong><br \/>\n<strong>48\u00aa Feira do Livro de Pelotas<\/strong><\/p>\n","protected":false},"excerpt":{"rendered":"<p>Nesta sexta-feira, teremos o lan\u00e7amento do mais recente livro de poesias de Gustavo Henrique R\u00fcckert, professor Adjunto de Literaturas em L\u00edngua Portuguesa na Universidade Federal de Pelotas (UFPel). O lan\u00e7amento de &#8220;Ser\u00e3o as rosas vermelhas no escuro&#8221; contar\u00e1 com sess\u00e3o &hellip; <a href=\"https:\/\/wp.ufpel.edu.br\/clc\/2022\/11\/10\/convite-para-lancamento-de-livro-2\/\">Continue lendo <span class=\"meta-nav\">&rarr;<\/span><\/a><\/p>\n","protected":false},"author":50,"featured_media":0,"comment_status":"closed","ping_status":"closed","sticky":false,"template":"","format":"standard","meta":{"footnotes":""},"categories":[33386],"tags":[],"class_list":["post-14026","post","type-post","status-publish","format-standard","hentry","category-eventos"],"jetpack_featured_media_url":"","_links":{"self":[{"href":"https:\/\/wp.ufpel.edu.br\/clc\/wp-json\/wp\/v2\/posts\/14026","targetHints":{"allow":["GET"]}}],"collection":[{"href":"https:\/\/wp.ufpel.edu.br\/clc\/wp-json\/wp\/v2\/posts"}],"about":[{"href":"https:\/\/wp.ufpel.edu.br\/clc\/wp-json\/wp\/v2\/types\/post"}],"author":[{"embeddable":true,"href":"https:\/\/wp.ufpel.edu.br\/clc\/wp-json\/wp\/v2\/users\/50"}],"replies":[{"embeddable":true,"href":"https:\/\/wp.ufpel.edu.br\/clc\/wp-json\/wp\/v2\/comments?post=14026"}],"version-history":[{"count":1,"href":"https:\/\/wp.ufpel.edu.br\/clc\/wp-json\/wp\/v2\/posts\/14026\/revisions"}],"predecessor-version":[{"id":14029,"href":"https:\/\/wp.ufpel.edu.br\/clc\/wp-json\/wp\/v2\/posts\/14026\/revisions\/14029"}],"wp:attachment":[{"href":"https:\/\/wp.ufpel.edu.br\/clc\/wp-json\/wp\/v2\/media?parent=14026"}],"wp:term":[{"taxonomy":"category","embeddable":true,"href":"https:\/\/wp.ufpel.edu.br\/clc\/wp-json\/wp\/v2\/categories?post=14026"},{"taxonomy":"post_tag","embeddable":true,"href":"https:\/\/wp.ufpel.edu.br\/clc\/wp-json\/wp\/v2\/tags?post=14026"}],"curies":[{"name":"wp","href":"https:\/\/api.w.org\/{rel}","templated":true}]}}