{"id":13516,"date":"2022-07-29T21:40:04","date_gmt":"2022-07-30T00:40:04","guid":{"rendered":"https:\/\/wp.ufpel.edu.br\/clc\/?p=13516"},"modified":"2022-08-08T15:45:57","modified_gmt":"2022-08-08T18:45:57","slug":"cursos-de-linguas-abrem-inscricoes-e-divulgam-rematriculas-2","status":"publish","type":"post","link":"https:\/\/wp.ufpel.edu.br\/clc\/2022\/07\/29\/cursos-de-linguas-abrem-inscricoes-e-divulgam-rematriculas-2\/","title":{"rendered":"Cursos de L\u00ednguas abrem inscri\u00e7\u00f5es e divulgam rematr\u00edculas"},"content":{"rendered":"<div id='gallery-1' class='gallery galleryid-13516 gallery-columns-2 gallery-size-full'><dl class='gallery-item'>\n\t\t\t<dt class='gallery-icon portrait'>\n\t\t\t\t<a href='https:\/\/wp.ufpel.edu.br\/clc\/files\/2022\/07\/Cursos-de-Linguas-2022-2.png'><img loading=\"lazy\" decoding=\"async\" width=\"1080\" height=\"1320\" src=\"https:\/\/wp.ufpel.edu.br\/clc\/files\/2022\/07\/Cursos-de-Linguas-2022-2.png\" class=\"attachment-full size-full\" alt=\"\" srcset=\"https:\/\/wp.ufpel.edu.br\/clc\/files\/2022\/07\/Cursos-de-Linguas-2022-2.png 1080w, https:\/\/wp.ufpel.edu.br\/clc\/files\/2022\/07\/Cursos-de-Linguas-2022-2-260x318.png 260w, https:\/\/wp.ufpel.edu.br\/clc\/files\/2022\/07\/Cursos-de-Linguas-2022-2-130x159.png 130w, https:\/\/wp.ufpel.edu.br\/clc\/files\/2022\/07\/Cursos-de-Linguas-2022-2-768x939.png 768w\" sizes=\"auto, (max-width: 1080px) 100vw, 1080px\" \/><\/a>\n\t\t\t<\/dt><\/dl><dl class='gallery-item'>\n\t\t\t<dt class='gallery-icon portrait'>\n\t\t\t\t<a href='https:\/\/wp.ufpel.edu.br\/clc\/files\/2022\/07\/cursos-2022-2.jpeg'><img loading=\"lazy\" decoding=\"async\" width=\"1080\" height=\"1320\" src=\"https:\/\/wp.ufpel.edu.br\/clc\/files\/2022\/07\/cursos-2022-2.jpeg\" class=\"attachment-full size-full\" alt=\"\" srcset=\"https:\/\/wp.ufpel.edu.br\/clc\/files\/2022\/07\/cursos-2022-2.jpeg 1080w, https:\/\/wp.ufpel.edu.br\/clc\/files\/2022\/07\/cursos-2022-2-260x318.jpeg 260w, https:\/\/wp.ufpel.edu.br\/clc\/files\/2022\/07\/cursos-2022-2-130x159.jpeg 130w, https:\/\/wp.ufpel.edu.br\/clc\/files\/2022\/07\/cursos-2022-2-768x939.jpeg 768w\" sizes=\"auto, (max-width: 1080px) 100vw, 1080px\" \/><\/a>\n\t\t\t<\/dt><\/dl><br style=\"clear: both\" \/>\n\t\t<\/div>\n\n<p style=\"text-align: justify\">O <strong>projeto Cursos de L\u00ednguas <\/strong>da C\u00e2mara de Extens\u00e3o (CaExt) do Centro de Letras e Comunica\u00e7\u00e3o da UFPel torna p\u00fablica a abertura de inscri\u00e7\u00f5es para ingresso nos cursos b\u00e1sicos de Alem\u00e3o, Espanhol, Franc\u00eas e Ingl\u00eas: <strong>modalidade presencial, <\/strong>e uma turma de Espanhol I<strong> a dist\u00e2ncia<\/strong>. As candidaturas para<strong>\u00a0alunos ingressantes <\/strong>(n\u00edvel I) estar\u00e3o abertas no per\u00edodo de\u00a0<strong>29\u00a0de julho, \u00e0s 21h,\u00a0<\/strong>at\u00e9<strong> 08 de agosto de 2022, \u00e0s 15h.<\/strong><\/p>\n<p style=\"text-align: justify\">Os cursos s\u00e3o abertos \u00e0 comunidade em geral. O sorteio eletr\u00f4nico de vagas ocorrer\u00e1 em <strong>08 de agosto, \u00e0s 17h30.<\/strong><\/p>\n<p style=\"text-align: justify\">Confira o edital: <a href=\"https:\/\/wp.ufpel.edu.br\/clc\/files\/2022\/07\/SEI_UFPel-1766984-Edital.pdf\">SEI_UFPel &#8211; 1766984 &#8211; Edital<\/a> \u00a0*<strong>O pagamento da taxa de matr\u00edcula s\u00f3 deve ser feito ap\u00f3s o candidato ser sorteado.<\/strong><\/p>\n<p><!--more--><\/p>\n<h3 style=\"text-align: justify\"><strong>Reserva de vagas<\/strong><\/h3>\n<p style=\"text-align: justify\">Haver\u00e1 reserva de vagas para<strong>\u00a0servidores da UFPel<\/strong><strong>:<\/strong>\u00a010% nos cursos b\u00e1sicos I. A inscri\u00e7\u00e3o para este grupo se d\u00e1 no mesmo per\u00edodo,\u00a0<strong>exclusivamente pelo formul\u00e1rio do item \u201c2 a\u201d\u00a0<\/strong>do edital. A parceria entre o CLC e a Pr\u00f3-Reitoria de Gest\u00e3o de Pessoas (PROGEP) visa incentivar a capacita\u00e7\u00e3o de t\u00e9cnicos e docentes da UFPel.<\/p>\n<h3 style=\"text-align: justify\"><strong>Rematr\u00edculas<\/strong><\/h3>\n<p style=\"text-align: justify\">Haver\u00e1 oferta de turmas exclusivamente na modalidade a dist\u00e2ncia: Alem\u00e3o II e III, Franc\u00eas II e IV, Espanhol II, III e IV, Ingl\u00eas II e III. O per\u00edodo para rematr\u00edculas por curso consta no item 5.3 do edital &#8211; de 4 a 8 de agosto.<\/p>\n<h3><strong>Aulas<\/strong><\/h3>\n<p style=\"text-align: justify\" align=\"left\">As aulas que ocorrem aos s\u00e1bados t\u00eam previs\u00e3o de in\u00edcio em 20 de agosto e de t\u00e9rmino em 03 de dezembro. As turmas com aulas em dia de semana come\u00e7am na semana de 22 de agosto e encerram atividades na\u00a0semana de 28 de novembro. Para ambos os casos, os exames podem ocorrer at\u00e9 10 de dezembro.<\/p>\n","protected":false},"excerpt":{"rendered":"<p>O projeto Cursos de L\u00ednguas da C\u00e2mara de Extens\u00e3o (CaExt) do Centro de Letras e Comunica\u00e7\u00e3o da UFPel torna p\u00fablica a abertura de inscri\u00e7\u00f5es para ingresso nos cursos b\u00e1sicos de Alem\u00e3o, Espanhol, Franc\u00eas e Ingl\u00eas: modalidade presencial, e uma turma &hellip; <a href=\"https:\/\/wp.ufpel.edu.br\/clc\/2022\/07\/29\/cursos-de-linguas-abrem-inscricoes-e-divulgam-rematriculas-2\/\">Continue lendo <span class=\"meta-nav\">&rarr;<\/span><\/a><\/p>\n","protected":false},"author":50,"featured_media":0,"comment_status":"closed","ping_status":"closed","sticky":false,"template":"","format":"standard","meta":{"footnotes":""},"categories":[33383,33380,33392,1],"tags":[],"class_list":["post-13516","post","type-post","status-publish","format-standard","hentry","category-abertos-a-comunidade","category-camara-de-extensao","category-cursos","category-notcias"],"jetpack_featured_media_url":"","_links":{"self":[{"href":"https:\/\/wp.ufpel.edu.br\/clc\/wp-json\/wp\/v2\/posts\/13516","targetHints":{"allow":["GET"]}}],"collection":[{"href":"https:\/\/wp.ufpel.edu.br\/clc\/wp-json\/wp\/v2\/posts"}],"about":[{"href":"https:\/\/wp.ufpel.edu.br\/clc\/wp-json\/wp\/v2\/types\/post"}],"author":[{"embeddable":true,"href":"https:\/\/wp.ufpel.edu.br\/clc\/wp-json\/wp\/v2\/users\/50"}],"replies":[{"embeddable":true,"href":"https:\/\/wp.ufpel.edu.br\/clc\/wp-json\/wp\/v2\/comments?post=13516"}],"version-history":[{"count":10,"href":"https:\/\/wp.ufpel.edu.br\/clc\/wp-json\/wp\/v2\/posts\/13516\/revisions"}],"predecessor-version":[{"id":13577,"href":"https:\/\/wp.ufpel.edu.br\/clc\/wp-json\/wp\/v2\/posts\/13516\/revisions\/13577"}],"wp:attachment":[{"href":"https:\/\/wp.ufpel.edu.br\/clc\/wp-json\/wp\/v2\/media?parent=13516"}],"wp:term":[{"taxonomy":"category","embeddable":true,"href":"https:\/\/wp.ufpel.edu.br\/clc\/wp-json\/wp\/v2\/categories?post=13516"},{"taxonomy":"post_tag","embeddable":true,"href":"https:\/\/wp.ufpel.edu.br\/clc\/wp-json\/wp\/v2\/tags?post=13516"}],"curies":[{"name":"wp","href":"https:\/\/api.w.org\/{rel}","templated":true}]}}