{"id":13507,"date":"2022-07-29T17:30:18","date_gmt":"2022-07-29T20:30:18","guid":{"rendered":"https:\/\/wp.ufpel.edu.br\/clc\/?p=13507"},"modified":"2022-08-09T17:08:04","modified_gmt":"2022-08-09T20:08:04","slug":"horarios-dos-cursos-do-clc-em-2022-1-agosto-a-dezembro-de-2022","status":"publish","type":"post","link":"https:\/\/wp.ufpel.edu.br\/clc\/2022\/07\/29\/horarios-dos-cursos-do-clc-em-2022-1-agosto-a-dezembro-de-2022\/","title":{"rendered":"Hor\u00e1rios dos cursos do CLC em 2022-1 (agosto a dezembro de 2022)"},"content":{"rendered":"<p style=\"text-align: justify\">A C\u00e2mara de Ensino do CLC divulgou os hor\u00e1rios dos cursos para o semestre 2022-1 (agosto a dezembro de 2022).<\/p>\n<p style=\"text-align: justify\">As disciplinas dos semestres pares est\u00e3o destacadas em <span style=\"color: #ff0000\">vermelho.<\/span><\/p>\n<p style=\"text-align: justify\"><a href=\"https:\/\/wp.ufpel.edu.br\/clc\/files\/2022\/07\/Horarios-2022-1.pdf\">Atualizado em 09\/08\/22: Hor\u00e1rios-2022-1<\/a> (agosto-dezembro\/2022).<\/p>\n<p style=\"text-align: justify\"><a href=\"https:\/\/wp.ufpel.edu.br\/clc\/files\/2022\/07\/Horarios-LIBRAS-2022-1-ago-dez-22.pdf\">Hor\u00e1rios LIBRAS 2022-1 (ago-dez-22)<\/a><\/p>\n","protected":false},"excerpt":{"rendered":"<p>A C\u00e2mara de Ensino do CLC divulgou os hor\u00e1rios dos cursos para o semestre 2022-1 (agosto a dezembro de 2022). As disciplinas dos semestres pares est\u00e3o destacadas em vermelho. Atualizado em 09\/08\/22: Hor\u00e1rios-2022-1 (agosto-dezembro\/2022). Hor\u00e1rios LIBRAS 2022-1 (ago-dez-22)<\/p>\n","protected":false},"author":50,"featured_media":0,"comment_status":"closed","ping_status":"closed","sticky":false,"template":"","format":"standard","meta":{"footnotes":""},"categories":[33388,33382],"tags":[],"class_list":["post-13507","post","type-post","status-publish","format-standard","hentry","category-camara-de-ensino","category-horarios-graduacao"],"jetpack_featured_media_url":"","_links":{"self":[{"href":"https:\/\/wp.ufpel.edu.br\/clc\/wp-json\/wp\/v2\/posts\/13507","targetHints":{"allow":["GET"]}}],"collection":[{"href":"https:\/\/wp.ufpel.edu.br\/clc\/wp-json\/wp\/v2\/posts"}],"about":[{"href":"https:\/\/wp.ufpel.edu.br\/clc\/wp-json\/wp\/v2\/types\/post"}],"author":[{"embeddable":true,"href":"https:\/\/wp.ufpel.edu.br\/clc\/wp-json\/wp\/v2\/users\/50"}],"replies":[{"embeddable":true,"href":"https:\/\/wp.ufpel.edu.br\/clc\/wp-json\/wp\/v2\/comments?post=13507"}],"version-history":[{"count":3,"href":"https:\/\/wp.ufpel.edu.br\/clc\/wp-json\/wp\/v2\/posts\/13507\/revisions"}],"predecessor-version":[{"id":13605,"href":"https:\/\/wp.ufpel.edu.br\/clc\/wp-json\/wp\/v2\/posts\/13507\/revisions\/13605"}],"wp:attachment":[{"href":"https:\/\/wp.ufpel.edu.br\/clc\/wp-json\/wp\/v2\/media?parent=13507"}],"wp:term":[{"taxonomy":"category","embeddable":true,"href":"https:\/\/wp.ufpel.edu.br\/clc\/wp-json\/wp\/v2\/categories?post=13507"},{"taxonomy":"post_tag","embeddable":true,"href":"https:\/\/wp.ufpel.edu.br\/clc\/wp-json\/wp\/v2\/tags?post=13507"}],"curies":[{"name":"wp","href":"https:\/\/api.w.org\/{rel}","templated":true}]}}