{"id":13373,"date":"2022-06-02T18:44:19","date_gmt":"2022-06-02T21:44:19","guid":{"rendered":"https:\/\/wp.ufpel.edu.br\/clc\/?p=13373"},"modified":"2022-06-02T18:44:19","modified_gmt":"2022-06-02T21:44:19","slug":"idiomas-sem-fronteiras-seleciona-professores-de-espanhol","status":"publish","type":"post","link":"https:\/\/wp.ufpel.edu.br\/clc\/2022\/06\/02\/idiomas-sem-fronteiras-seleciona-professores-de-espanhol\/","title":{"rendered":"Idiomas sem Fronteiras seleciona professores de espanhol"},"content":{"rendered":"<p style=\"text-align: justify\">O Idiomas sem Fronteiras (IsF) da Universidade Federal de Pelotas torna p\u00fablico dois editais de Processo Seletivo Simplificado visando \u00e0 sele\u00e7\u00e3o de <strong>professores de espanhol\u00a0<\/strong>para atua\u00e7\u00e3o junto \u00e0 Rede Andifes IsF \u2013NUCLi\/UFPel.<\/p>\n<p style=\"text-align: justify\">O <strong>edital 11<\/strong> recebe inscri\u00e7\u00f5es das 18h do dia 02 de junho \u00e0s 14h do dia 14 de junho de 2022. Ele est\u00e1 dispon\u00edvel no link: <a href=\"https:\/\/wp.ufpel.edu.br\/clc\/files\/2022\/06\/edital_espanhol_1.pdf\">edital_espanhol_1<\/a><\/p>\n<p style=\"text-align: justify\">Podem participar da sele\u00e7\u00e3o alunos(as) da institui\u00e7\u00e3o matriculados(as) em Programa de P\u00f3s-Gradua\u00e7\u00e3o em Letras, ou em Educa\u00e7\u00e3o, em cursos de Mestrado,\u00a0 desde que apresentem gradua\u00e7\u00e3o em Letras \u2013 Espanhol ou Letras Portugu\u00eas e Espanhol ou em \u00a0outra Licenciatura em Letras em L\u00edngua Espanhola, obtida na UFPel ou alhures.<\/p>\n<p style=\"text-align: justify\">O <strong>edital 12<\/strong> tamb\u00e9m tem inscri\u00e7\u00f5es abertas das 18h do dia 02 de junho \u00e0s 14h do dia 14 de junho. O documento est\u00e1 dispon\u00edvel no link: <a href=\"https:\/\/wp.ufpel.edu.br\/clc\/files\/2022\/06\/edital_espanhol_2.pdf\">edital_espanhol_2<\/a><\/p>\n<p style=\"text-align: justify\">Podem participar da sele\u00e7\u00e3o alunos(as) da Institui\u00e7\u00e3o matriculados(as) nos cursos de Licenciatura em Letras\u2013Portugu\u00eas e Espanhol.<\/p>\n","protected":false},"excerpt":{"rendered":"<p>O Idiomas sem Fronteiras (IsF) da Universidade Federal de Pelotas torna p\u00fablico dois editais de Processo Seletivo Simplificado visando \u00e0 sele\u00e7\u00e3o de professores de espanhol\u00a0para atua\u00e7\u00e3o junto \u00e0 Rede Andifes IsF \u2013NUCLi\/UFPel. O edital 11 recebe inscri\u00e7\u00f5es das 18h do &hellip; <a href=\"https:\/\/wp.ufpel.edu.br\/clc\/2022\/06\/02\/idiomas-sem-fronteiras-seleciona-professores-de-espanhol\/\">Continue lendo <span class=\"meta-nav\">&rarr;<\/span><\/a><\/p>\n","protected":false},"author":50,"featured_media":0,"comment_status":"closed","ping_status":"closed","sticky":false,"template":"","format":"standard","meta":{"footnotes":""},"categories":[33385,33399],"tags":[],"class_list":["post-13373","post","type-post","status-publish","format-standard","hentry","category-editais-e-resultados","category-idiomas-sem-fronteiras-isf"],"jetpack_featured_media_url":"","_links":{"self":[{"href":"https:\/\/wp.ufpel.edu.br\/clc\/wp-json\/wp\/v2\/posts\/13373","targetHints":{"allow":["GET"]}}],"collection":[{"href":"https:\/\/wp.ufpel.edu.br\/clc\/wp-json\/wp\/v2\/posts"}],"about":[{"href":"https:\/\/wp.ufpel.edu.br\/clc\/wp-json\/wp\/v2\/types\/post"}],"author":[{"embeddable":true,"href":"https:\/\/wp.ufpel.edu.br\/clc\/wp-json\/wp\/v2\/users\/50"}],"replies":[{"embeddable":true,"href":"https:\/\/wp.ufpel.edu.br\/clc\/wp-json\/wp\/v2\/comments?post=13373"}],"version-history":[{"count":1,"href":"https:\/\/wp.ufpel.edu.br\/clc\/wp-json\/wp\/v2\/posts\/13373\/revisions"}],"predecessor-version":[{"id":13378,"href":"https:\/\/wp.ufpel.edu.br\/clc\/wp-json\/wp\/v2\/posts\/13373\/revisions\/13378"}],"wp:attachment":[{"href":"https:\/\/wp.ufpel.edu.br\/clc\/wp-json\/wp\/v2\/media?parent=13373"}],"wp:term":[{"taxonomy":"category","embeddable":true,"href":"https:\/\/wp.ufpel.edu.br\/clc\/wp-json\/wp\/v2\/categories?post=13373"},{"taxonomy":"post_tag","embeddable":true,"href":"https:\/\/wp.ufpel.edu.br\/clc\/wp-json\/wp\/v2\/tags?post=13373"}],"curies":[{"name":"wp","href":"https:\/\/api.w.org\/{rel}","templated":true}]}}