{"id":13369,"date":"2022-06-02T16:14:17","date_gmt":"2022-06-02T19:14:17","guid":{"rendered":"https:\/\/wp.ufpel.edu.br\/clc\/?p=13369"},"modified":"2022-06-02T16:14:17","modified_gmt":"2022-06-02T19:14:17","slug":"resultado-da-selecao-para-professor-de-alemao-do-idiomas-sem-fronteiras","status":"publish","type":"post","link":"https:\/\/wp.ufpel.edu.br\/clc\/2022\/06\/02\/resultado-da-selecao-para-professor-de-alemao-do-idiomas-sem-fronteiras\/","title":{"rendered":"Resultado da sele\u00e7\u00e3o para professor de alem\u00e3o do Idiomas sem Fronteiras"},"content":{"rendered":"<p style=\"text-align: justify\">O Idiomas sem Fronteiras (IsF) da Universidade Federal de Pelotas divulga o resultado da sele\u00e7\u00e3o para professor referente ao <a href=\"https:\/\/wp.ufpel.edu.br\/clc\/files\/2022\/05\/edital_alemao_3.pdf\">Edital 10\/2022 do IsF &#8211; Alem\u00e3o<\/a>. Confira no link: <a href=\"https:\/\/wp.ufpel.edu.br\/clc\/files\/2022\/06\/resultado_divulgacao_alemao.pdf\">resultado_divulga\u00e7\u00e3o_alem\u00e3o<\/a><\/p>\n","protected":false},"excerpt":{"rendered":"<p>O Idiomas sem Fronteiras (IsF) da Universidade Federal de Pelotas divulga o resultado da sele\u00e7\u00e3o para professor referente ao Edital 10\/2022 do IsF &#8211; Alem\u00e3o. Confira no link: resultado_divulga\u00e7\u00e3o_alem\u00e3o<\/p>\n","protected":false},"author":50,"featured_media":0,"comment_status":"closed","ping_status":"closed","sticky":false,"template":"","format":"standard","meta":{"footnotes":""},"categories":[33385,33399],"tags":[],"class_list":["post-13369","post","type-post","status-publish","format-standard","hentry","category-editais-e-resultados","category-idiomas-sem-fronteiras-isf"],"jetpack_featured_media_url":"","_links":{"self":[{"href":"https:\/\/wp.ufpel.edu.br\/clc\/wp-json\/wp\/v2\/posts\/13369","targetHints":{"allow":["GET"]}}],"collection":[{"href":"https:\/\/wp.ufpel.edu.br\/clc\/wp-json\/wp\/v2\/posts"}],"about":[{"href":"https:\/\/wp.ufpel.edu.br\/clc\/wp-json\/wp\/v2\/types\/post"}],"author":[{"embeddable":true,"href":"https:\/\/wp.ufpel.edu.br\/clc\/wp-json\/wp\/v2\/users\/50"}],"replies":[{"embeddable":true,"href":"https:\/\/wp.ufpel.edu.br\/clc\/wp-json\/wp\/v2\/comments?post=13369"}],"version-history":[{"count":1,"href":"https:\/\/wp.ufpel.edu.br\/clc\/wp-json\/wp\/v2\/posts\/13369\/revisions"}],"predecessor-version":[{"id":13372,"href":"https:\/\/wp.ufpel.edu.br\/clc\/wp-json\/wp\/v2\/posts\/13369\/revisions\/13372"}],"wp:attachment":[{"href":"https:\/\/wp.ufpel.edu.br\/clc\/wp-json\/wp\/v2\/media?parent=13369"}],"wp:term":[{"taxonomy":"category","embeddable":true,"href":"https:\/\/wp.ufpel.edu.br\/clc\/wp-json\/wp\/v2\/categories?post=13369"},{"taxonomy":"post_tag","embeddable":true,"href":"https:\/\/wp.ufpel.edu.br\/clc\/wp-json\/wp\/v2\/tags?post=13369"}],"curies":[{"name":"wp","href":"https:\/\/api.w.org\/{rel}","templated":true}]}}