{"id":13361,"date":"2022-06-01T17:15:03","date_gmt":"2022-06-01T20:15:03","guid":{"rendered":"https:\/\/wp.ufpel.edu.br\/clc\/?p=13361"},"modified":"2022-06-01T17:15:03","modified_gmt":"2022-06-01T20:15:03","slug":"chamada-publica-da-ufpel-seleciona-corretores-as-de-redacao","status":"publish","type":"post","link":"https:\/\/wp.ufpel.edu.br\/clc\/2022\/06\/01\/chamada-publica-da-ufpel-seleciona-corretores-as-de-redacao\/","title":{"rendered":"Chamada P\u00fablica da UFPel seleciona corretores\/as de reda\u00e7\u00e3o"},"content":{"rendered":"<p style=\"text-align: justify\"><span style=\"font-size: 12pt\">Graduados\/as em Licenciatura em\u00a0<strong>Letras \u2013 Portugu\u00eas<\/strong>\u00a0(habilita\u00e7\u00e3o \u00fanica ou dupla) ou bacharelado em\u00a0<strong>Reda\u00e7\u00e3o e Revis\u00e3o de Textos<\/strong>\u00a0podem participar da\u00a0<a href=\"https:\/\/wp.ufpel.edu.br\/cra\/files\/2021\/05\/Edital-CRA-16_-2022-Chamada-Publica-corretores-de-redacao.pdf\" target=\"_blank\" rel=\"noopener\">chamada p\u00fablica<\/a>\u00a0da\u00a0Universidade Federal de Pelotas\u00a0(<a href=\"https:\/\/portal.ufpel.edu.br\/\" target=\"_blank\" rel=\"noopener\">UFPel<\/a>). O N\u00facleo de Processos Seletivos (NPS), da Coordena\u00e7\u00e3o de Registros Acad\u00eamicos (<a href=\"https:\/\/wp.ufpel.edu.br\/cra\/\" target=\"_blank\" rel=\"noopener\">CRA<\/a>), busca cadastrar profissionais interessados\/as em participar da\u00a0<strong>corre\u00e7\u00e3o de reda\u00e7\u00f5es<\/strong>\u00a0dos editais de ingresso de estudantes para os cursos de gradua\u00e7\u00e3o e, eventualmente, da elabora\u00e7\u00e3o e da revis\u00e3o das propostas de reda\u00e7\u00e3o.<\/span><\/p>\n<p style=\"text-align: justify\"><span style=\"font-size: 12pt\">As inscri\u00e7\u00f5es ser\u00e3o recebidas at\u00e9\u00a0<strong>13 de junho<\/strong>, por\u00a0<a href=\"https:\/\/docs.google.com\/forms\/d\/e\/1FAIpQLSdNerx70sMz7EpE6QfQMBF2LtUdaajAvPp3xDXwI_yNtTN8Qw\/viewform\" target=\"_blank\" rel=\"noopener\">formul\u00e1rio on-line<\/a>. A Universidade oferece\u00a0<strong>20 vagas<\/strong>, mediante sele\u00e7\u00e3o com base na pontua\u00e7\u00e3o prevista no\u00a0<a href=\"https:\/\/wp.ufpel.edu.br\/cra\/editais-cadastro-de-docentes\/\" target=\"_blank\" rel=\"noopener\">Edital<\/a>\u00a0para forma\u00e7\u00e3o acad\u00eamica e experi\u00eancia profissional.<\/span><\/p>\n<p>Fonte: site da UFPel.<\/p>\n","protected":false},"excerpt":{"rendered":"<p>Graduados\/as em Licenciatura em\u00a0Letras \u2013 Portugu\u00eas\u00a0(habilita\u00e7\u00e3o \u00fanica ou dupla) ou bacharelado em\u00a0Reda\u00e7\u00e3o e Revis\u00e3o de Textos\u00a0podem participar da\u00a0chamada p\u00fablica\u00a0da\u00a0Universidade Federal de Pelotas\u00a0(UFPel). O N\u00facleo de Processos Seletivos (NPS), da Coordena\u00e7\u00e3o de Registros Acad\u00eamicos (CRA), busca cadastrar profissionais interessados\/as em participar &hellip; <a href=\"https:\/\/wp.ufpel.edu.br\/clc\/2022\/06\/01\/chamada-publica-da-ufpel-seleciona-corretores-as-de-redacao\/\">Continue lendo <span class=\"meta-nav\">&rarr;<\/span><\/a><\/p>\n","protected":false},"author":50,"featured_media":0,"comment_status":"closed","ping_status":"closed","sticky":false,"template":"","format":"standard","meta":{"footnotes":""},"categories":[1],"tags":[],"class_list":["post-13361","post","type-post","status-publish","format-standard","hentry","category-notcias"],"jetpack_featured_media_url":"","_links":{"self":[{"href":"https:\/\/wp.ufpel.edu.br\/clc\/wp-json\/wp\/v2\/posts\/13361","targetHints":{"allow":["GET"]}}],"collection":[{"href":"https:\/\/wp.ufpel.edu.br\/clc\/wp-json\/wp\/v2\/posts"}],"about":[{"href":"https:\/\/wp.ufpel.edu.br\/clc\/wp-json\/wp\/v2\/types\/post"}],"author":[{"embeddable":true,"href":"https:\/\/wp.ufpel.edu.br\/clc\/wp-json\/wp\/v2\/users\/50"}],"replies":[{"embeddable":true,"href":"https:\/\/wp.ufpel.edu.br\/clc\/wp-json\/wp\/v2\/comments?post=13361"}],"version-history":[{"count":1,"href":"https:\/\/wp.ufpel.edu.br\/clc\/wp-json\/wp\/v2\/posts\/13361\/revisions"}],"predecessor-version":[{"id":13363,"href":"https:\/\/wp.ufpel.edu.br\/clc\/wp-json\/wp\/v2\/posts\/13361\/revisions\/13363"}],"wp:attachment":[{"href":"https:\/\/wp.ufpel.edu.br\/clc\/wp-json\/wp\/v2\/media?parent=13361"}],"wp:term":[{"taxonomy":"category","embeddable":true,"href":"https:\/\/wp.ufpel.edu.br\/clc\/wp-json\/wp\/v2\/categories?post=13361"},{"taxonomy":"post_tag","embeddable":true,"href":"https:\/\/wp.ufpel.edu.br\/clc\/wp-json\/wp\/v2\/tags?post=13361"}],"curies":[{"name":"wp","href":"https:\/\/api.w.org\/{rel}","templated":true}]}}