{"id":13157,"date":"2022-04-12T16:46:43","date_gmt":"2022-04-12T19:46:43","guid":{"rendered":"https:\/\/wp.ufpel.edu.br\/clc\/?p=13157"},"modified":"2022-04-12T16:46:43","modified_gmt":"2022-04-12T19:46:43","slug":"projeto-de-extensao-marte-agencia-de-conteudo-fecha-parceria-com-hospital-escola-da-ufpel","status":"publish","type":"post","link":"https:\/\/wp.ufpel.edu.br\/clc\/2022\/04\/12\/projeto-de-extensao-marte-agencia-de-conteudo-fecha-parceria-com-hospital-escola-da-ufpel\/","title":{"rendered":"Projeto de extens\u00e3o Marte Ag\u00eancia de Conte\u00fado fecha parceria com Hospital Escola da UFPel"},"content":{"rendered":"<p style=\"text-align: justify\">Os estudantes do curso de Jornalismo do CLC realizaram, no \u00faltimo dia 7, uma visita ao novo complexo do Hospital Escola da UFPel. Esta ser\u00e1 a primeira, das diversas visitas programadas para o ano com o intuito de conhecer o local, executar o diagn\u00f3stico e trabalhar na cria\u00e7\u00e3o de conte\u00fado para as redes sociais. Al\u00e9m disso, ser\u00e1 feito um planejamento detalhado para realizar a produ\u00e7\u00e3o, desenvolvimento e diagrama\u00e7\u00e3o da revista digital mensal do Hospital Escola.<\/p>\n<p style=\"text-align: justify\">Os discentes que participam do projeto de extens\u00e3o da Marte Ag\u00eancia de Conte\u00fado, acompanhados da coordenadora do projeto, Marislei Ribeiro, visitaram o Bloco 3 do Hospital. O Hospital \u00e9 o \u00fanico 100% SUS de Pelotas e o Bloco 3 \u00e9 o primeiro pr\u00e9dio do complexo hospitalar que ser\u00e1 constru\u00eddo para abrigar toda a estrutura da Institui\u00e7\u00e3o.<\/p>\n<p style=\"text-align: justify\">O novo bloco do complexo hospitalar foi destinado aos Servi\u00e7os de Aten\u00e7\u00e3o Domiciliar, Oncologia, Centro de Pesquisas Cl\u00ednicas, setores administrativos e de ensino e fica localizado na Almirante Guilhobel, n\u00ba 221, pr\u00f3ximo \u00e0 Esta\u00e7\u00e3o Rodovi\u00e1ria, no bairro Fragata.<\/p>\n<p style=\"text-align: justify\">Fonte: site da UFPel.<\/p>\n","protected":false},"excerpt":{"rendered":"<p>Os estudantes do curso de Jornalismo do CLC realizaram, no \u00faltimo dia 7, uma visita ao novo complexo do Hospital Escola da UFPel. Esta ser\u00e1 a primeira, das diversas visitas programadas para o ano com o intuito de conhecer o &hellip; <a href=\"https:\/\/wp.ufpel.edu.br\/clc\/2022\/04\/12\/projeto-de-extensao-marte-agencia-de-conteudo-fecha-parceria-com-hospital-escola-da-ufpel\/\">Continue lendo <span class=\"meta-nav\">&rarr;<\/span><\/a><\/p>\n","protected":false},"author":50,"featured_media":0,"comment_status":"closed","ping_status":"closed","sticky":false,"template":"","format":"standard","meta":{"footnotes":""},"categories":[33380],"tags":[],"class_list":["post-13157","post","type-post","status-publish","format-standard","hentry","category-camara-de-extensao"],"jetpack_featured_media_url":"","_links":{"self":[{"href":"https:\/\/wp.ufpel.edu.br\/clc\/wp-json\/wp\/v2\/posts\/13157","targetHints":{"allow":["GET"]}}],"collection":[{"href":"https:\/\/wp.ufpel.edu.br\/clc\/wp-json\/wp\/v2\/posts"}],"about":[{"href":"https:\/\/wp.ufpel.edu.br\/clc\/wp-json\/wp\/v2\/types\/post"}],"author":[{"embeddable":true,"href":"https:\/\/wp.ufpel.edu.br\/clc\/wp-json\/wp\/v2\/users\/50"}],"replies":[{"embeddable":true,"href":"https:\/\/wp.ufpel.edu.br\/clc\/wp-json\/wp\/v2\/comments?post=13157"}],"version-history":[{"count":1,"href":"https:\/\/wp.ufpel.edu.br\/clc\/wp-json\/wp\/v2\/posts\/13157\/revisions"}],"predecessor-version":[{"id":13159,"href":"https:\/\/wp.ufpel.edu.br\/clc\/wp-json\/wp\/v2\/posts\/13157\/revisions\/13159"}],"wp:attachment":[{"href":"https:\/\/wp.ufpel.edu.br\/clc\/wp-json\/wp\/v2\/media?parent=13157"}],"wp:term":[{"taxonomy":"category","embeddable":true,"href":"https:\/\/wp.ufpel.edu.br\/clc\/wp-json\/wp\/v2\/categories?post=13157"},{"taxonomy":"post_tag","embeddable":true,"href":"https:\/\/wp.ufpel.edu.br\/clc\/wp-json\/wp\/v2\/tags?post=13157"}],"curies":[{"name":"wp","href":"https:\/\/api.w.org\/{rel}","templated":true}]}}