{"id":13146,"date":"2022-04-11T18:05:31","date_gmt":"2022-04-11T21:05:31","guid":{"rendered":"https:\/\/wp.ufpel.edu.br\/clc\/?p=13146"},"modified":"2022-04-11T18:05:56","modified_gmt":"2022-04-11T21:05:56","slug":"resultado-da-selecao-de-bolsistas-da-rede-idiomas-sem-fronteiras","status":"publish","type":"post","link":"https:\/\/wp.ufpel.edu.br\/clc\/2022\/04\/11\/resultado-da-selecao-de-bolsistas-da-rede-idiomas-sem-fronteiras\/","title":{"rendered":"Resultado da sele\u00e7\u00e3o de bolsistas da Rede Idiomas sem Fronteiras"},"content":{"rendered":"<p style=\"text-align: justify\">O NucLi\/UFPel da Rede Idiomas sem Fronteiras (IsF) divulgou os resultados da sele\u00e7\u00e3o de professores bolsistas referente aos Editais 02\/2022, 03\/2022, 04\/2022, 05\/2022 e 07\/2022 (Portugu\u00eas para Estrangeiros, Franc\u00eas, Ingl\u00eas, Alem\u00e3o e Espanhol). Para o edital 6, n\u00e3o houve candidatos classificados.<\/p>\n<p><a href=\"https:\/\/wp.ufpel.edu.br\/clc\/files\/2022\/04\/Resultado_IsF_professores_final.pdf\">Resultado_IsF_professores_final<\/a><\/p>\n<p style=\"text-align: justify\">A equipe do IsF entrar\u00e1 em contato com os candidatos classificados nesta semana.<\/p>\n","protected":false},"excerpt":{"rendered":"<p>O NucLi\/UFPel da Rede Idiomas sem Fronteiras (IsF) divulgou os resultados da sele\u00e7\u00e3o de professores bolsistas referente aos Editais 02\/2022, 03\/2022, 04\/2022, 05\/2022 e 07\/2022 (Portugu\u00eas para Estrangeiros, Franc\u00eas, Ingl\u00eas, Alem\u00e3o e Espanhol). Para o edital 6, n\u00e3o houve candidatos &hellip; <a href=\"https:\/\/wp.ufpel.edu.br\/clc\/2022\/04\/11\/resultado-da-selecao-de-bolsistas-da-rede-idiomas-sem-fronteiras\/\">Continue lendo <span class=\"meta-nav\">&rarr;<\/span><\/a><\/p>\n","protected":false},"author":50,"featured_media":0,"comment_status":"closed","ping_status":"closed","sticky":false,"template":"","format":"standard","meta":{"footnotes":""},"categories":[33385,33399],"tags":[],"class_list":["post-13146","post","type-post","status-publish","format-standard","hentry","category-editais-e-resultados","category-idiomas-sem-fronteiras-isf"],"jetpack_featured_media_url":"","_links":{"self":[{"href":"https:\/\/wp.ufpel.edu.br\/clc\/wp-json\/wp\/v2\/posts\/13146","targetHints":{"allow":["GET"]}}],"collection":[{"href":"https:\/\/wp.ufpel.edu.br\/clc\/wp-json\/wp\/v2\/posts"}],"about":[{"href":"https:\/\/wp.ufpel.edu.br\/clc\/wp-json\/wp\/v2\/types\/post"}],"author":[{"embeddable":true,"href":"https:\/\/wp.ufpel.edu.br\/clc\/wp-json\/wp\/v2\/users\/50"}],"replies":[{"embeddable":true,"href":"https:\/\/wp.ufpel.edu.br\/clc\/wp-json\/wp\/v2\/comments?post=13146"}],"version-history":[{"count":2,"href":"https:\/\/wp.ufpel.edu.br\/clc\/wp-json\/wp\/v2\/posts\/13146\/revisions"}],"predecessor-version":[{"id":13150,"href":"https:\/\/wp.ufpel.edu.br\/clc\/wp-json\/wp\/v2\/posts\/13146\/revisions\/13150"}],"wp:attachment":[{"href":"https:\/\/wp.ufpel.edu.br\/clc\/wp-json\/wp\/v2\/media?parent=13146"}],"wp:term":[{"taxonomy":"category","embeddable":true,"href":"https:\/\/wp.ufpel.edu.br\/clc\/wp-json\/wp\/v2\/categories?post=13146"},{"taxonomy":"post_tag","embeddable":true,"href":"https:\/\/wp.ufpel.edu.br\/clc\/wp-json\/wp\/v2\/tags?post=13146"}],"curies":[{"name":"wp","href":"https:\/\/api.w.org\/{rel}","templated":true}]}}