{"id":12903,"date":"2022-01-06T12:18:31","date_gmt":"2022-01-06T15:18:31","guid":{"rendered":"https:\/\/wp.ufpel.edu.br\/clc\/?p=12903"},"modified":"2022-01-06T12:18:31","modified_gmt":"2022-01-06T15:18:31","slug":"comissao-examinadora-para-vaga-de-redistribuicao-docente-e-designada","status":"publish","type":"post","link":"https:\/\/wp.ufpel.edu.br\/clc\/2022\/01\/06\/comissao-examinadora-para-vaga-de-redistribuicao-docente-e-designada\/","title":{"rendered":"Comiss\u00e3o Examinadora para vaga de redistribui\u00e7\u00e3o docente \u00e9 designada"},"content":{"rendered":"<p style=\"text-align: justify\"><span style=\"font-size: 12pt\">O Centro de Letras e Comunica\u00e7\u00e3o designou a Comiss\u00e3o Examinadora dos pedidos de redistribui\u00e7\u00e3o para uma vaga\u00a0 docente na \u00c1rea de Lingu\u00edstica e Ensino (com \u00eanfase em produ\u00e7\u00e3o textual), referente ao <a href=\"https:\/\/wp.ufpel.edu.br\/clc\/2021\/12\/06\/edital-de-redistribuicao-para-docente-da-area-de-linguistica-e-ensino\/\">Edital n\u00b01,<\/a> de 3 de dezembro de 2021.\u00a0<\/span><\/p>\n<p>Confira a composi\u00e7\u00e3o da comiss\u00e3o na portaria: <a href=\"https:\/\/wp.ufpel.edu.br\/clc\/files\/2022\/01\/Portaria-Interna-01-2022-Banca-Edital-01-21-Redistribuicao.pdf\">Portaria Interna-01-2022 &#8211; Banca Edital 01-21 Redistribui\u00e7\u00e3o<\/a><\/p>\n","protected":false},"excerpt":{"rendered":"<p>O Centro de Letras e Comunica\u00e7\u00e3o designou a Comiss\u00e3o Examinadora dos pedidos de redistribui\u00e7\u00e3o para uma vaga\u00a0 docente na \u00c1rea de Lingu\u00edstica e Ensino (com \u00eanfase em produ\u00e7\u00e3o textual), referente ao Edital n\u00b01, de 3 de dezembro de 2021.\u00a0 Confira &hellip; <a href=\"https:\/\/wp.ufpel.edu.br\/clc\/2022\/01\/06\/comissao-examinadora-para-vaga-de-redistribuicao-docente-e-designada\/\">Continue lendo <span class=\"meta-nav\">&rarr;<\/span><\/a><\/p>\n","protected":false},"author":50,"featured_media":0,"comment_status":"closed","ping_status":"closed","sticky":false,"template":"","format":"standard","meta":{"footnotes":""},"categories":[33387,33389,33385],"tags":[],"class_list":["post-12903","post","type-post","status-publish","format-standard","hentry","category-direcao","category-docentes","category-editais-e-resultados"],"jetpack_featured_media_url":"","_links":{"self":[{"href":"https:\/\/wp.ufpel.edu.br\/clc\/wp-json\/wp\/v2\/posts\/12903","targetHints":{"allow":["GET"]}}],"collection":[{"href":"https:\/\/wp.ufpel.edu.br\/clc\/wp-json\/wp\/v2\/posts"}],"about":[{"href":"https:\/\/wp.ufpel.edu.br\/clc\/wp-json\/wp\/v2\/types\/post"}],"author":[{"embeddable":true,"href":"https:\/\/wp.ufpel.edu.br\/clc\/wp-json\/wp\/v2\/users\/50"}],"replies":[{"embeddable":true,"href":"https:\/\/wp.ufpel.edu.br\/clc\/wp-json\/wp\/v2\/comments?post=12903"}],"version-history":[{"count":3,"href":"https:\/\/wp.ufpel.edu.br\/clc\/wp-json\/wp\/v2\/posts\/12903\/revisions"}],"predecessor-version":[{"id":12908,"href":"https:\/\/wp.ufpel.edu.br\/clc\/wp-json\/wp\/v2\/posts\/12903\/revisions\/12908"}],"wp:attachment":[{"href":"https:\/\/wp.ufpel.edu.br\/clc\/wp-json\/wp\/v2\/media?parent=12903"}],"wp:term":[{"taxonomy":"category","embeddable":true,"href":"https:\/\/wp.ufpel.edu.br\/clc\/wp-json\/wp\/v2\/categories?post=12903"},{"taxonomy":"post_tag","embeddable":true,"href":"https:\/\/wp.ufpel.edu.br\/clc\/wp-json\/wp\/v2\/tags?post=12903"}],"curies":[{"name":"wp","href":"https:\/\/api.w.org\/{rel}","templated":true}]}}