{"id":12739,"date":"2021-10-29T19:21:44","date_gmt":"2021-10-29T22:21:44","guid":{"rendered":"https:\/\/wp.ufpel.edu.br\/clc\/?p=12739"},"modified":"2021-10-29T19:24:17","modified_gmt":"2021-10-29T22:24:17","slug":"curso-de-ingles-online-e-gratuito-tem-inscricoes-abertas","status":"publish","type":"post","link":"https:\/\/wp.ufpel.edu.br\/clc\/2021\/10\/29\/curso-de-ingles-online-e-gratuito-tem-inscricoes-abertas\/","title":{"rendered":"Curso de ingl\u00eas online e gratuito tem inscri\u00e7\u00f5es abertas"},"content":{"rendered":"<p><a href=\"https:\/\/wp.ufpel.edu.br\/clc\/files\/2021\/10\/Copia-de-curso-ingles.png\"><img loading=\"lazy\" decoding=\"async\" class=\"wp-image-12741 aligncenter\" src=\"https:\/\/wp.ufpel.edu.br\/clc\/files\/2021\/10\/Copia-de-curso-ingles.png\" alt=\"\" width=\"444\" height=\"627\" srcset=\"https:\/\/wp.ufpel.edu.br\/clc\/files\/2021\/10\/Copia-de-curso-ingles.png 1587w, https:\/\/wp.ufpel.edu.br\/clc\/files\/2021\/10\/Copia-de-curso-ingles-225x318.png 225w, https:\/\/wp.ufpel.edu.br\/clc\/files\/2021\/10\/Copia-de-curso-ingles-112x159.png 112w, https:\/\/wp.ufpel.edu.br\/clc\/files\/2021\/10\/Copia-de-curso-ingles-768x1086.png 768w, https:\/\/wp.ufpel.edu.br\/clc\/files\/2021\/10\/Copia-de-curso-ingles-1086x1536.png 1086w, https:\/\/wp.ufpel.edu.br\/clc\/files\/2021\/10\/Copia-de-curso-ingles-1448x2048.png 1448w\" sizes=\"auto, (max-width: 444px) 100vw, 444px\" \/><\/a><\/p>\n<div style=\"text-align: justify\">\n<p><span style=\"font-size: 12pt\">O Programa Idiomas sem Fronteiras (IsF) da UFPel est\u00e1 recebendo inscri\u00e7\u00f5es para o curso &#8220;Intera\u00e7\u00f5es Cotidianas em L\u00edngua Inglesa&#8221;, com in\u00edcio em novembro e carga hor\u00e1ria de 32h. O curso \u00e9 gratuito, aberto \u00e0 comunidade e ocorrer\u00e1 na modalidade online. \u00c9 destinado ao p\u00fablico A1 (iniciante), n\u00e3o sendo necess\u00e1ria informa\u00e7\u00e3o de nivelamento na inscri\u00e7\u00e3o.<\/span><\/p>\n<p><span style=\"font-size: 12pt\">As aulas ser\u00e3o \u00e0s ter\u00e7as e quintas-feiras, das 17h30 \u00e0s 19h. Acesse o l<\/span><span style=\"font-size: 12pt\">ink para inscri\u00e7\u00e3o: <a href=\"https:\/\/forms.office.com\/r\/iXRb8Z2KiA\">https:\/\/forms.office.com\/r\/iXRb8Z2KiA<\/a><\/span><\/p>\n<\/div>\n<div><span style=\"font-size: 12pt\">O contato para d\u00favidas \u00e9: <a href=\"mailto:ufpel@programaisf.pro.br\">ufpel@programaisf.pro.br<\/a><\/span><\/div>\n<div><span style=\"font-size: 12pt\">O Facebook do IsF \u00e9: <a href=\"https:\/\/www.facebook.com\/IsFUFPel\" target=\"_blank\" rel=\"noopener\">https:\/\/www.facebook.com\/IsFUFPel<\/a><\/span><\/div>\n","protected":false},"excerpt":{"rendered":"<p>O Programa Idiomas sem Fronteiras (IsF) da UFPel est\u00e1 recebendo inscri\u00e7\u00f5es para o curso &#8220;Intera\u00e7\u00f5es Cotidianas em L\u00edngua Inglesa&#8221;, com in\u00edcio em novembro e carga hor\u00e1ria de 32h. O curso \u00e9 gratuito, aberto \u00e0 comunidade e ocorrer\u00e1 na modalidade online. &hellip; <a href=\"https:\/\/wp.ufpel.edu.br\/clc\/2021\/10\/29\/curso-de-ingles-online-e-gratuito-tem-inscricoes-abertas\/\">Continue lendo <span class=\"meta-nav\">&rarr;<\/span><\/a><\/p>\n","protected":false},"author":50,"featured_media":0,"comment_status":"closed","ping_status":"closed","sticky":false,"template":"","format":"standard","meta":{"footnotes":""},"categories":[33399],"tags":[],"class_list":["post-12739","post","type-post","status-publish","format-standard","hentry","category-idiomas-sem-fronteiras-isf"],"jetpack_featured_media_url":"","_links":{"self":[{"href":"https:\/\/wp.ufpel.edu.br\/clc\/wp-json\/wp\/v2\/posts\/12739","targetHints":{"allow":["GET"]}}],"collection":[{"href":"https:\/\/wp.ufpel.edu.br\/clc\/wp-json\/wp\/v2\/posts"}],"about":[{"href":"https:\/\/wp.ufpel.edu.br\/clc\/wp-json\/wp\/v2\/types\/post"}],"author":[{"embeddable":true,"href":"https:\/\/wp.ufpel.edu.br\/clc\/wp-json\/wp\/v2\/users\/50"}],"replies":[{"embeddable":true,"href":"https:\/\/wp.ufpel.edu.br\/clc\/wp-json\/wp\/v2\/comments?post=12739"}],"version-history":[{"count":3,"href":"https:\/\/wp.ufpel.edu.br\/clc\/wp-json\/wp\/v2\/posts\/12739\/revisions"}],"predecessor-version":[{"id":12748,"href":"https:\/\/wp.ufpel.edu.br\/clc\/wp-json\/wp\/v2\/posts\/12739\/revisions\/12748"}],"wp:attachment":[{"href":"https:\/\/wp.ufpel.edu.br\/clc\/wp-json\/wp\/v2\/media?parent=12739"}],"wp:term":[{"taxonomy":"category","embeddable":true,"href":"https:\/\/wp.ufpel.edu.br\/clc\/wp-json\/wp\/v2\/categories?post=12739"},{"taxonomy":"post_tag","embeddable":true,"href":"https:\/\/wp.ufpel.edu.br\/clc\/wp-json\/wp\/v2\/tags?post=12739"}],"curies":[{"name":"wp","href":"https:\/\/api.w.org\/{rel}","templated":true}]}}