{"id":12589,"date":"2021-09-10T18:39:33","date_gmt":"2021-09-10T21:39:33","guid":{"rendered":"https:\/\/wp.ufpel.edu.br\/clc\/?p=12589"},"modified":"2021-09-13T16:40:43","modified_gmt":"2021-09-13T19:40:43","slug":"integra-clc-2021-mmorias-do-clc-acontece-no-dia-13-09","status":"publish","type":"post","link":"https:\/\/wp.ufpel.edu.br\/clc\/2021\/09\/10\/integra-clc-2021-mmorias-do-clc-acontece-no-dia-13-09\/","title":{"rendered":"Integra CLC 2021: Mem\u00f3rias do CLC acontece no dia 13\/09"},"content":{"rendered":"<p style=\"text-align: justify\">O <strong>Integra CLC 2021<\/strong> acontecer\u00e1 nesta pr\u00f3xima segunda &#8211; feira, <strong>dia 13\/09, \u00e1s 10h<\/strong>. O tema do integra deste ano ser\u00e1 <strong>&#8220;Mem\u00f3rias do CLC&#8221;<\/strong>, e ser\u00e3o apresentadas narrativas de ex-servidores do CLC\/UFPel. <strong>Acesse o evento <a href=\"https:\/\/www.youtube.com\/watch?v=uS2ZQ7k4S4c&amp;ab_channel=N%C3%BAcleodeComunica%C3%A7%C3%A3oCLCUFPel\">neste link<\/a>.<\/strong><\/p>\n","protected":false},"excerpt":{"rendered":"<p>O Integra CLC 2021 acontecer\u00e1 nesta pr\u00f3xima segunda &#8211; feira, dia 13\/09, \u00e1s 10h. O tema do integra deste ano ser\u00e1 &#8220;Mem\u00f3rias do CLC&#8221;, e ser\u00e3o apresentadas narrativas de ex-servidores do CLC\/UFPel. Acesse o evento neste link.<\/p>\n","protected":false},"author":50,"featured_media":0,"comment_status":"closed","ping_status":"closed","sticky":false,"template":"","format":"standard","meta":{"footnotes":""},"categories":[33373,33386,1],"tags":[],"class_list":["post-12589","post","type-post","status-publish","format-standard","hentry","category-avisos","category-eventos","category-notcias"],"jetpack_featured_media_url":"","_links":{"self":[{"href":"https:\/\/wp.ufpel.edu.br\/clc\/wp-json\/wp\/v2\/posts\/12589","targetHints":{"allow":["GET"]}}],"collection":[{"href":"https:\/\/wp.ufpel.edu.br\/clc\/wp-json\/wp\/v2\/posts"}],"about":[{"href":"https:\/\/wp.ufpel.edu.br\/clc\/wp-json\/wp\/v2\/types\/post"}],"author":[{"embeddable":true,"href":"https:\/\/wp.ufpel.edu.br\/clc\/wp-json\/wp\/v2\/users\/50"}],"replies":[{"embeddable":true,"href":"https:\/\/wp.ufpel.edu.br\/clc\/wp-json\/wp\/v2\/comments?post=12589"}],"version-history":[{"count":5,"href":"https:\/\/wp.ufpel.edu.br\/clc\/wp-json\/wp\/v2\/posts\/12589\/revisions"}],"predecessor-version":[{"id":12599,"href":"https:\/\/wp.ufpel.edu.br\/clc\/wp-json\/wp\/v2\/posts\/12589\/revisions\/12599"}],"wp:attachment":[{"href":"https:\/\/wp.ufpel.edu.br\/clc\/wp-json\/wp\/v2\/media?parent=12589"}],"wp:term":[{"taxonomy":"category","embeddable":true,"href":"https:\/\/wp.ufpel.edu.br\/clc\/wp-json\/wp\/v2\/categories?post=12589"},{"taxonomy":"post_tag","embeddable":true,"href":"https:\/\/wp.ufpel.edu.br\/clc\/wp-json\/wp\/v2\/tags?post=12589"}],"curies":[{"name":"wp","href":"https:\/\/api.w.org\/{rel}","templated":true}]}}